{"id":973,"date":"2019-04-28T18:07:00","date_gmt":"2019-04-28T18:07:00","guid":{"rendered":"https:\/\/gycouture.com\/blogue\/index.php\/2019\/04\/28\/la-rarete-du-silence\/"},"modified":"2019-04-28T18:07:00","modified_gmt":"2019-04-28T18:07:00","slug":"la-rarete-du-silence","status":"publish","type":"post","link":"https:\/\/gycouture.com\/blogue\/?p=973","title":{"rendered":"la raret\u00e9 du silence"},"content":{"rendered":"<div style=\"clear: both; text-align: center;\"><a href=\"https:\/\/blogger.googleusercontent.com\/img\/b\/R29vZ2xl\/AVvXsEjO5zQy7FYXNyD-lhl-o4v0n9402ZIS6tZSHcTIVvV6N-b7wQzq9T5jASATLkFaI4JIaYrrdphyphenhyphen9pEg429hOQejygs7Axog7KUbcCR0rquBmh2uALRN61hDcZDuygDzMY_PUXQ\/s1600\/alex-kotliarskyi-361081-unsplash.jpg\" style=\"margin-left: 1em; margin-right: 1em;\"><img decoding=\"async\" border=\"0\" src=\"https:\/\/blogger.googleusercontent.com\/img\/b\/R29vZ2xl\/AVvXsEjO5zQy7FYXNyD-lhl-o4v0n9402ZIS6tZSHcTIVvV6N-b7wQzq9T5jASATLkFaI4JIaYrrdphyphenhyphen9pEg429hOQejygs7Axog7KUbcCR0rquBmh2uALRN61hDcZDuygDzMY_PUXQ\/s1600\/alex-kotliarskyi-361081-unsplash.jpg\" data-original-width=\"800\" data-original-height=\"356\" \/><\/a><\/div>\n<p>\nil est o\u00f9 le silence? il est difficile \u00e0 trouver. <\/p>\n<p>avec les bureaux aux espaces ouverts, quoi faire quand on doit avoir une conversation plut\u00f4t priv\u00e9e, une entrevue t\u00e9l\u00e9phonique ou une discussion avec une autre personne du bureau? doit-on n\u00e9cessairement rendre tout le monde t\u00e9moin?<\/p>\n<p>selon quelques experts, les \u00e9couteurs sont devenus les murs. mais \u00e7a ne fait pas toujours l&rsquo;affaire.<\/p>\n<p>par exemple, \u00e0 l&rsquo;atelier, il arrive souvent que quelqu&rsquo;un parle au t\u00e9l\u00e9phone dans le corridor en faisant les cent pas, en croyant sans doute que nous ne l&rsquo;entendons pas&#8230;<\/p>\n<p>on parle de cette probl\u00e9matique de plus en plus. j&rsquo;ai lu deux articles \u00e0 ce sujet cette semaine. sur <a href=\"https:\/\/www.treehugger.com\/sustainable-product-design\/phonebooth-back.html\" target=\"_blank\">treehugger<\/a> on parle d&rsquo;une compagnie qui offre sur le march\u00e9 une cabine isolante qui ressemble \u00e9trangement \u00e0 une ancienne cabine t\u00e9l\u00e9phonique&#8230; sans t\u00e9l\u00e9phone.<\/p>\n<p>m\u00eame <a href=\"https:\/\/www.infopresse.com\/article\/2019\/4\/26\/porte-disparu-le-silence-au-travail\" target=\"_blank\">infopresse<\/a> en a parl\u00e9 et sugg\u00e8re quelques pistes de solutions. un sujet dans l&rsquo;air du temps. int\u00e9ressant.<\/p>\n<p>photo (retravaill\u00e9e) de <a href=\"https:\/\/unsplash.com\/photos\/QBpZGqEMsKg\" target=\"_blank\">Alex Kotliarskyi<\/a><\/p>\n","protected":false},"excerpt":{"rendered":"<p>il est o\u00f9 le silence? il est difficile \u00e0 trouver. avec les bureaux aux espaces ouverts, quoi faire quand on doit avoir une conversation plut\u00f4t priv\u00e9e, une entrevue t\u00e9l\u00e9phonique ou une discussion avec une autre personne du bureau? doit-on n\u00e9cessairement rendre tout le monde t\u00e9moin? selon quelques experts, les \u00e9couteurs sont devenus les murs. mais \u00e7a ne fait pas toujours l&rsquo;affaire. par exemple, \u00e0 l&rsquo;atelier, il arrive souvent que quelqu&rsquo;un parle au t\u00e9l\u00e9phone dans le corridor en faisant les cent pas, en croyant sans doute que nous ne l&rsquo;entendons pas&#8230; on parle de cette probl\u00e9matique de plus en plus. j&rsquo;ai lu deux articles \u00e0 ce sujet cette semaine. sur treehugger on parle d&rsquo;une compagnie qui offre sur le march\u00e9 une cabine isolante qui ressemble \u00e9trangement \u00e0 une ancienne cabine t\u00e9l\u00e9phonique&#8230; sans t\u00e9l\u00e9phone. m\u00eame infopresse en a parl\u00e9 et sugg\u00e8re quelques pistes de solutions. un sujet dans l&rsquo;air du temps. int\u00e9ressant. photo (retravaill\u00e9e) de Alex Kotliarskyi<\/p>\n","protected":false},"author":1,"featured_media":0,"comment_status":"open","ping_status":"open","sticky":false,"template":"","format":"standard","meta":{"footnotes":""},"categories":[6,8,10],"tags":[],"class_list":["post-973","post","type-post","status-publish","format-standard","hentry","category-air-du-temps","category-curiosite","category-point-de-vue"],"acf":[],"_links":{"self":[{"href":"https:\/\/gycouture.com\/blogue\/index.php?rest_route=\/wp\/v2\/posts\/973","targetHints":{"allow":["GET"]}}],"collection":[{"href":"https:\/\/gycouture.com\/blogue\/index.php?rest_route=\/wp\/v2\/posts"}],"about":[{"href":"https:\/\/gycouture.com\/blogue\/index.php?rest_route=\/wp\/v2\/types\/post"}],"author":[{"embeddable":true,"href":"https:\/\/gycouture.com\/blogue\/index.php?rest_route=\/wp\/v2\/users\/1"}],"replies":[{"embeddable":true,"href":"https:\/\/gycouture.com\/blogue\/index.php?rest_route=%2Fwp%2Fv2%2Fcomments&post=973"}],"version-history":[{"count":0,"href":"https:\/\/gycouture.com\/blogue\/index.php?rest_route=\/wp\/v2\/posts\/973\/revisions"}],"wp:attachment":[{"href":"https:\/\/gycouture.com\/blogue\/index.php?rest_route=%2Fwp%2Fv2%2Fmedia&parent=973"}],"wp:term":[{"taxonomy":"category","embeddable":true,"href":"https:\/\/gycouture.com\/blogue\/index.php?rest_route=%2Fwp%2Fv2%2Fcategories&post=973"},{"taxonomy":"post_tag","embeddable":true,"href":"https:\/\/gycouture.com\/blogue\/index.php?rest_route=%2Fwp%2Fv2%2Ftags&post=973"}],"curies":[{"name":"wp","href":"https:\/\/api.w.org\/{rel}","templated":true}]}}