{"id":958,"date":"2019-05-19T17:10:00","date_gmt":"2019-05-19T17:10:00","guid":{"rendered":"https:\/\/gycouture.com\/blogue\/index.php\/2019\/05\/19\/lage-et-la-creativite\/"},"modified":"2019-05-19T17:10:00","modified_gmt":"2019-05-19T17:10:00","slug":"lage-et-la-creativite","status":"publish","type":"post","link":"https:\/\/gycouture.com\/blogue\/?p=958","title":{"rendered":"l&rsquo;\u00e2ge et la cr\u00e9ativit\u00e9"},"content":{"rendered":"<div style=\"clear: both; text-align: center;\"><a href=\"https:\/\/blogger.googleusercontent.com\/img\/b\/R29vZ2xl\/AVvXsEgrbCopMRgurQtMqhQ1Z_E5pgnXnAs4KiXDo7n8uDgR2wh8CUyS42QDmhWbCA8lUEqSCff_qDcauIv3w8mNaxNjynKMqLW9m7XtsiKu6NCIMRiIJ-UgJhgmd05hycLWgiwxPTE\/s1600\/feliphe-schiarolli-635315-unsplash+%25281%2529.jpg\" style=\"margin-left: 1em; margin-right: 1em;\"><img decoding=\"async\" border=\"0\" src=\"https:\/\/blogger.googleusercontent.com\/img\/b\/R29vZ2xl\/AVvXsEgrbCopMRgurQtMqhQ1Z_E5pgnXnAs4KiXDo7n8uDgR2wh8CUyS42QDmhWbCA8lUEqSCff_qDcauIv3w8mNaxNjynKMqLW9m7XtsiKu6NCIMRiIJ-UgJhgmd05hycLWgiwxPTE\/s1600\/feliphe-schiarolli-635315-unsplash+%25281%2529.jpg\" data-original-width=\"800\" data-original-height=\"426\" \/><\/a><\/div>\n<p>\nc&rsquo;est un sujet qui revient souvent. on croit toujours que la cr\u00e9ativit\u00e9 est sup\u00e9rieure chez les jeunes. <br \/>\non fait des recherches sur le sujet depuis longtemps qui justement nous prouve le contraire. <\/p>\n<p>voici une autre \u00e9tude qui le d\u00e9montre. nous aurions deux sommets cr\u00e9atifs dans nos vies, entre 25-29&#160;ans et ensuite autour de 55&#160;ans. ce qu&rsquo;on nous dit, c&rsquo;est qu&rsquo;il s&rsquo;agit de diff\u00e9rente cr\u00e9ativit\u00e9. la premi\u00e8re est surtout d\u00e9di\u00e9e \u00e0 l&rsquo;innovation et la deuxi\u00e8me serait plut\u00f4t les nouvelles id\u00e9es que nous d\u00e9couvrons gr\u00e2ce \u00e0 tout ce que nous savons et les liens que nous faisons entre toutes ces informations.<\/p>\n<p>\u00abTheir findings suggest that this kind of biased thinking leads to bad decisions. It ignores the fact that there are different types of innovators and that different problems demand different kinds of contributions and solutions.\u00bb<\/p>\n<p><a href=\"https:\/\/qz.com\/1606423\/the-two-types-of-creativity-peak-at-very-different-ages\" target=\"_blank\">\u00e0 lire ici<\/a> si le sujet vous int\u00e9resse<\/p>\n<p>photo de <a href=\"https:\/\/unsplash.com\/photos\/FWXtlPhPBQs\" target=\"_blank\">Feliphe Schiarolli<\/a><\/p>\n","protected":false},"excerpt":{"rendered":"<p>c&rsquo;est un sujet qui revient souvent. on croit toujours que la cr\u00e9ativit\u00e9 est sup\u00e9rieure chez les jeunes. on fait des recherches sur le sujet depuis longtemps qui justement nous prouve le contraire. voici une autre \u00e9tude qui le d\u00e9montre. nous aurions deux sommets cr\u00e9atifs dans nos vies, entre 25-29&#160;ans et ensuite autour de 55&#160;ans. ce qu&rsquo;on nous dit, c&rsquo;est qu&rsquo;il s&rsquo;agit de diff\u00e9rente cr\u00e9ativit\u00e9. la premi\u00e8re est surtout d\u00e9di\u00e9e \u00e0 l&rsquo;innovation et la deuxi\u00e8me serait plut\u00f4t les nouvelles id\u00e9es que nous d\u00e9couvrons gr\u00e2ce \u00e0 tout ce que nous savons et les liens que nous faisons entre toutes ces informations. \u00abTheir findings suggest that this kind of biased thinking leads to bad decisions. It ignores the fact that there are different types of innovators and that different problems demand different kinds of contributions and solutions.\u00bb \u00e0 lire ici si le sujet vous int\u00e9resse photo de Feliphe Schiarolli<\/p>\n","protected":false},"author":1,"featured_media":0,"comment_status":"open","ping_status":"open","sticky":false,"template":"","format":"standard","meta":{"footnotes":""},"categories":[6,5,3],"tags":[],"class_list":["post-958","post","type-post","status-publish","format-standard","hentry","category-air-du-temps","category-artistique","category-creativite"],"acf":[],"_links":{"self":[{"href":"https:\/\/gycouture.com\/blogue\/index.php?rest_route=\/wp\/v2\/posts\/958","targetHints":{"allow":["GET"]}}],"collection":[{"href":"https:\/\/gycouture.com\/blogue\/index.php?rest_route=\/wp\/v2\/posts"}],"about":[{"href":"https:\/\/gycouture.com\/blogue\/index.php?rest_route=\/wp\/v2\/types\/post"}],"author":[{"embeddable":true,"href":"https:\/\/gycouture.com\/blogue\/index.php?rest_route=\/wp\/v2\/users\/1"}],"replies":[{"embeddable":true,"href":"https:\/\/gycouture.com\/blogue\/index.php?rest_route=%2Fwp%2Fv2%2Fcomments&post=958"}],"version-history":[{"count":0,"href":"https:\/\/gycouture.com\/blogue\/index.php?rest_route=\/wp\/v2\/posts\/958\/revisions"}],"wp:attachment":[{"href":"https:\/\/gycouture.com\/blogue\/index.php?rest_route=%2Fwp%2Fv2%2Fmedia&parent=958"}],"wp:term":[{"taxonomy":"category","embeddable":true,"href":"https:\/\/gycouture.com\/blogue\/index.php?rest_route=%2Fwp%2Fv2%2Fcategories&post=958"},{"taxonomy":"post_tag","embeddable":true,"href":"https:\/\/gycouture.com\/blogue\/index.php?rest_route=%2Fwp%2Fv2%2Ftags&post=958"}],"curies":[{"name":"wp","href":"https:\/\/api.w.org\/{rel}","templated":true}]}}