{"id":921,"date":"2019-08-14T18:55:00","date_gmt":"2019-08-14T18:55:00","guid":{"rendered":"https:\/\/gycouture.com\/blogue\/index.php\/2019\/08\/14\/en-cours\/"},"modified":"2019-08-14T18:55:00","modified_gmt":"2019-08-14T18:55:00","slug":"en-cours","status":"publish","type":"post","link":"https:\/\/gycouture.com\/blogue\/?p=921","title":{"rendered":"en cours&#8230;"},"content":{"rendered":"<div style=\"clear: both; text-align: center;\"><a href=\"https:\/\/blogger.googleusercontent.com\/img\/b\/R29vZ2xl\/AVvXsEjRr3rA9YifkXF0ksox5K9WQVT5pnxNrWHMd_b4n5mXna1BW-tKJLsmjf1IUvgQP4gYozlJIg8uRmZo-ykjJWZ42n_xPwfU77oFidxBrxG94qgARQMcxeNGdGs-coT2Sb5vaf8\/s1600\/1.jpg\" style=\"margin-left: 1em; margin-right: 1em;\"><img decoding=\"async\" border=\"0\" src=\"https:\/\/blogger.googleusercontent.com\/img\/b\/R29vZ2xl\/AVvXsEjRr3rA9YifkXF0ksox5K9WQVT5pnxNrWHMd_b4n5mXna1BW-tKJLsmjf1IUvgQP4gYozlJIg8uRmZo-ykjJWZ42n_xPwfU77oFidxBrxG94qgARQMcxeNGdGs-coT2Sb5vaf8\/s1600\/1.jpg\" data-original-width=\"800\" data-original-height=\"430\" \/><\/a><\/div>\n<p>\nje finalise en ce moment deux zines qui seront disponibles sous peu. je vais les pr\u00e9senter \u00e0 l&rsquo;<a href=\"https:\/\/arprim.org\/appels-de-dossiers.html\" target=\"_blank\">appel de dossier pour la collection du magasin<\/a> d&rsquo;Arprim et aussi \u00e0 la boutique du MCBA.<\/p>\n<p>pour ce faire, j&rsquo;ai fait la version fran\u00e7aise de ce dernier livre sur l&rsquo;amiti\u00e9. peut-on mesurer l&rsquo;amiti\u00e9? j&rsquo;avais parl\u00e9 <a href=\"https:\/\/gycouture.blogspot.com\/2019\/07\/peut-on-mesurer-lamitie-areyoubookenough.html\" target=\"_blank\">de ce projet r\u00e9cemment<\/a>. un livre que j&rsquo;ai fait dans le cadre du d\u00e9fi en ligne <a href=\"https:\/\/www.instagram.com\/explore\/tags\/areyoubookenough\/\" target=\"_blank\">#areyoubookenough<\/a>.<\/p>\n<p>j&rsquo;ai travaill\u00e9 bien des heures \u00e0 mettre ces deux livres \u00e0 mon go\u00fbt, maintenant je travaille \u00e0 leur pr\u00e9sentation: \u00e9tiquette, papier de fond, emballage, etc. \u00e7a a l&rsquo;air de rien, mais sur \u00e7a aussi, il y a plusieurs petits ajustements \u00e0 faire avant la prise de photos et leur entr\u00e9e dans le monde!<\/p>\n<p>c&rsquo;est une r\u00e9el plaisir de faire ce genre de travail. je pense aussi \u00eatre pr\u00e9sente au salon Volume&#160;2 le 6&#160;octobre prochain. j&rsquo;attends des nouvelles. \u00e0 suivre&#8230;<\/p>\n","protected":false},"excerpt":{"rendered":"<p>je finalise en ce moment deux zines qui seront disponibles sous peu. je vais les pr\u00e9senter \u00e0 l&rsquo;appel de dossier pour la collection du magasin d&rsquo;Arprim et aussi \u00e0 la boutique du MCBA. pour ce faire, j&rsquo;ai fait la version fran\u00e7aise de ce dernier livre sur l&rsquo;amiti\u00e9. peut-on mesurer l&rsquo;amiti\u00e9? j&rsquo;avais parl\u00e9 de ce projet r\u00e9cemment. un livre que j&rsquo;ai fait dans le cadre du d\u00e9fi en ligne #areyoubookenough. j&rsquo;ai travaill\u00e9 bien des heures \u00e0 mettre ces deux livres \u00e0 mon go\u00fbt, maintenant je travaille \u00e0 leur pr\u00e9sentation: \u00e9tiquette, papier de fond, emballage, etc. \u00e7a a l&rsquo;air de rien, mais sur \u00e7a aussi, il y a plusieurs petits ajustements \u00e0 faire avant la prise de photos et leur entr\u00e9e dans le monde! c&rsquo;est une r\u00e9el plaisir de faire ce genre de travail. je pense aussi \u00eatre pr\u00e9sente au salon Volume&#160;2 le 6&#160;octobre prochain. j&rsquo;attends des nouvelles. \u00e0 suivre&#8230;<\/p>\n","protected":false},"author":1,"featured_media":0,"comment_status":"open","ping_status":"open","sticky":false,"template":"","format":"standard","meta":{"footnotes":""},"categories":[6,5,3,7,4],"tags":[],"class_list":["post-921","post","type-post","status-publish","format-standard","hentry","category-air-du-temps","category-artistique","category-creativite","category-livres","category-mes-projets"],"acf":[],"_links":{"self":[{"href":"https:\/\/gycouture.com\/blogue\/index.php?rest_route=\/wp\/v2\/posts\/921","targetHints":{"allow":["GET"]}}],"collection":[{"href":"https:\/\/gycouture.com\/blogue\/index.php?rest_route=\/wp\/v2\/posts"}],"about":[{"href":"https:\/\/gycouture.com\/blogue\/index.php?rest_route=\/wp\/v2\/types\/post"}],"author":[{"embeddable":true,"href":"https:\/\/gycouture.com\/blogue\/index.php?rest_route=\/wp\/v2\/users\/1"}],"replies":[{"embeddable":true,"href":"https:\/\/gycouture.com\/blogue\/index.php?rest_route=%2Fwp%2Fv2%2Fcomments&post=921"}],"version-history":[{"count":0,"href":"https:\/\/gycouture.com\/blogue\/index.php?rest_route=\/wp\/v2\/posts\/921\/revisions"}],"wp:attachment":[{"href":"https:\/\/gycouture.com\/blogue\/index.php?rest_route=%2Fwp%2Fv2%2Fmedia&parent=921"}],"wp:term":[{"taxonomy":"category","embeddable":true,"href":"https:\/\/gycouture.com\/blogue\/index.php?rest_route=%2Fwp%2Fv2%2Fcategories&post=921"},{"taxonomy":"post_tag","embeddable":true,"href":"https:\/\/gycouture.com\/blogue\/index.php?rest_route=%2Fwp%2Fv2%2Ftags&post=921"}],"curies":[{"name":"wp","href":"https:\/\/api.w.org\/{rel}","templated":true}]}}