{"id":908,"date":"2019-09-13T13:20:00","date_gmt":"2019-09-13T13:20:00","guid":{"rendered":"https:\/\/gycouture.com\/blogue\/index.php\/2019\/09\/13\/je-participe-a-un-symposium\/"},"modified":"2019-09-13T13:20:00","modified_gmt":"2019-09-13T13:20:00","slug":"je-participe-a-un-symposium","status":"publish","type":"post","link":"https:\/\/gycouture.com\/blogue\/?p=908","title":{"rendered":"je participe \u00e0 un symposium"},"content":{"rendered":"<div style=\"clear: both; text-align: center;\"><a href=\"https:\/\/blogger.googleusercontent.com\/img\/b\/R29vZ2xl\/AVvXsEgF1rHtU8zlOJEm_oxma_lTcfsmY1PB19sgjMnwfBW8hG3T7XZwldsCJhIXxxyZzaF1a_SYCf3skLeIjVhEGVazO_LMh_9cGqGNWS6EL1behzoLieljOGgevigKVW3i25H0GMU\/s1600\/collage-books-poster.jpg\" style=\"margin-left: 1em; margin-right: 1em;\"><img decoding=\"async\" border=\"0\" src=\"https:\/\/blogger.googleusercontent.com\/img\/b\/R29vZ2xl\/AVvXsEgF1rHtU8zlOJEm_oxma_lTcfsmY1PB19sgjMnwfBW8hG3T7XZwldsCJhIXxxyZzaF1a_SYCf3skLeIjVhEGVazO_LMh_9cGqGNWS6EL1behzoLieljOGgevigKVW3i25H0GMU\/s1600\/collage-books-poster.jpg\" data-original-width=\"800\" data-original-height=\"634\" \/><\/a><\/div>\n<p>\ndans le cadre de l&rsquo;\u00e9v\u00e9nement <a href=\"https:\/\/www.volumemtl.art\/programme\/\" target=\"_blank\">volume 2<\/a> (je vous en reparlerai), plusieurs activit\u00e9s ont \u00e9t\u00e9 organis\u00e9es autour du livre. \u00e7a fait plaisir.<\/p>\n<p>l&rsquo;une d&rsquo;elles est le <a href=\"http:\/\/www.kolajmagazine.com\/books-symposium\/index.html\" target=\"_blank\">symposium COLLAGE::BOOKS<\/a> organis\u00e9 par le <a href=\"http:\/\/kolajmagazine.com\/content\/\" target=\"_blank\">magazine Kolaj<\/a>.<\/p>\n<p>\u00abPlusieurs formes d\u2019art et pratiques ayant de longues traditions de collaboration seront pr\u00e9sent\u00e9es dans Volume 2 : Ric Kasini Kadour de Kolaj Magazine pr\u00e9sentera un symposium sur les publications en tant qu\u2019espaces d\u2019exposition et la valorisation du collage en tant qu\u2019art contemporain. Ce symposium Collage :: Books, qui r\u00e9unira des artistes invit\u00e9s de toute l\u2019Am\u00e9rique du Nord, sera pr\u00e9sent\u00e9 \u00e0 l\u2019espace Anteism.\u00bb<\/p>\n<p>le magazine, publi\u00e9 \u00e0 montr\u00e9al, avait demand\u00e9 plus t\u00f4t cet \u00e9t\u00e9 des dossiers des gens int\u00e9ress\u00e9s par le sujet du livre et du collage. j&rsquo;ai donc envoy\u00e9 les informations demand\u00e9es. j&rsquo;ai eu la belle surprise d&rsquo;\u00eatre retenue pour cette journ\u00e9e.<\/p>\n<p>alors, le vendredi 4 octobre prochain, je ferai partie d&rsquo;un petit groupe d&rsquo;artistes (tous am\u00e9ricain.e) qui travaillent avec le livre et le collage. j&rsquo;y pr\u00e9senterai mon livre \u00ab<a href=\"https:\/\/guylainecouture.blogspot.com\/2016\/09\/le-territoire-des-mauvaises-herbes.html\" target=\"_blank\">le territoire des mauvaises herbes<\/a>\u00bb.<br \/>\nil y aura aussi des discussions avant et apr\u00e8s les pr\u00e9sentations.<\/p>\n<p>toute l&rsquo;information est sur le lien du symposium, un peu plus haut. il faut r\u00e9server votre place \u00e0 l&rsquo;avance.<\/p>\n","protected":false},"excerpt":{"rendered":"<p>dans le cadre de l&rsquo;\u00e9v\u00e9nement volume 2 (je vous en reparlerai), plusieurs activit\u00e9s ont \u00e9t\u00e9 organis\u00e9es autour du livre. \u00e7a fait plaisir. l&rsquo;une d&rsquo;elles est le symposium COLLAGE::BOOKS organis\u00e9 par le magazine Kolaj. \u00abPlusieurs formes d\u2019art et pratiques ayant de longues traditions de collaboration seront pr\u00e9sent\u00e9es dans Volume 2 : Ric Kasini Kadour de Kolaj Magazine pr\u00e9sentera un symposium sur les publications en tant qu\u2019espaces d\u2019exposition et la valorisation du collage en tant qu\u2019art contemporain. Ce symposium Collage :: Books, qui r\u00e9unira des artistes invit\u00e9s de toute l\u2019Am\u00e9rique du Nord, sera pr\u00e9sent\u00e9 \u00e0 l\u2019espace Anteism.\u00bb le magazine, publi\u00e9 \u00e0 montr\u00e9al, avait demand\u00e9 plus t\u00f4t cet \u00e9t\u00e9 des dossiers des gens int\u00e9ress\u00e9s par le sujet du livre et du collage. j&rsquo;ai donc envoy\u00e9 les informations demand\u00e9es. j&rsquo;ai eu la belle surprise d&rsquo;\u00eatre retenue pour cette journ\u00e9e. alors, le vendredi 4 octobre prochain, je ferai partie d&rsquo;un petit groupe d&rsquo;artistes (tous am\u00e9ricain.e) qui travaillent avec le livre et le collage. j&rsquo;y pr\u00e9senterai mon livre \u00able territoire des mauvaises herbes\u00bb. il y aura aussi des discussions avant et apr\u00e8s les pr\u00e9sentations. toute l&rsquo;information est sur le lien du symposium, un peu plus haut. il faut r\u00e9server votre place \u00e0 l&rsquo;avance.<\/p>\n","protected":false},"author":1,"featured_media":0,"comment_status":"open","ping_status":"open","sticky":false,"template":"","format":"standard","meta":{"footnotes":""},"categories":[6,5,3,7,4],"tags":[],"class_list":["post-908","post","type-post","status-publish","format-standard","hentry","category-air-du-temps","category-artistique","category-creativite","category-livres","category-mes-projets"],"acf":[],"_links":{"self":[{"href":"https:\/\/gycouture.com\/blogue\/index.php?rest_route=\/wp\/v2\/posts\/908","targetHints":{"allow":["GET"]}}],"collection":[{"href":"https:\/\/gycouture.com\/blogue\/index.php?rest_route=\/wp\/v2\/posts"}],"about":[{"href":"https:\/\/gycouture.com\/blogue\/index.php?rest_route=\/wp\/v2\/types\/post"}],"author":[{"embeddable":true,"href":"https:\/\/gycouture.com\/blogue\/index.php?rest_route=\/wp\/v2\/users\/1"}],"replies":[{"embeddable":true,"href":"https:\/\/gycouture.com\/blogue\/index.php?rest_route=%2Fwp%2Fv2%2Fcomments&post=908"}],"version-history":[{"count":0,"href":"https:\/\/gycouture.com\/blogue\/index.php?rest_route=\/wp\/v2\/posts\/908\/revisions"}],"wp:attachment":[{"href":"https:\/\/gycouture.com\/blogue\/index.php?rest_route=%2Fwp%2Fv2%2Fmedia&parent=908"}],"wp:term":[{"taxonomy":"category","embeddable":true,"href":"https:\/\/gycouture.com\/blogue\/index.php?rest_route=%2Fwp%2Fv2%2Fcategories&post=908"},{"taxonomy":"post_tag","embeddable":true,"href":"https:\/\/gycouture.com\/blogue\/index.php?rest_route=%2Fwp%2Fv2%2Ftags&post=908"}],"curies":[{"name":"wp","href":"https:\/\/api.w.org\/{rel}","templated":true}]}}