{"id":895,"date":"2019-10-09T14:30:00","date_gmt":"2019-10-09T14:30:00","guid":{"rendered":"https:\/\/gycouture.com\/blogue\/index.php\/2019\/10\/09\/livre-du-mercredi-la-periode-mid-century\/"},"modified":"2019-10-09T14:30:00","modified_gmt":"2019-10-09T14:30:00","slug":"livre-du-mercredi-la-periode-mid-century","status":"publish","type":"post","link":"https:\/\/gycouture.com\/blogue\/?p=895","title":{"rendered":"livre du mercredi: la p\u00e9riode mid-century"},"content":{"rendered":"<div style=\"clear: both; text-align: center;\"><a href=\"https:\/\/blogger.googleusercontent.com\/img\/b\/R29vZ2xl\/AVvXsEj2ihEX0coX2uzV9-3TRip08tEN73EqOYNrFqDhnTjiTLukDl0E7Tb3xU3VuruVcH21upRR2PcoMmNTztstdQb8QYpeRLanpX1CO-oRdoHcXgdvOResJRuJWBMPZ_OTyxvHHww\/s1600\/L1160442.JPG\" style=\"margin-left: 1em; margin-right: 1em;\"><img decoding=\"async\" border=\"0\" src=\"https:\/\/blogger.googleusercontent.com\/img\/b\/R29vZ2xl\/AVvXsEj2ihEX0coX2uzV9-3TRip08tEN73EqOYNrFqDhnTjiTLukDl0E7Tb3xU3VuruVcH21upRR2PcoMmNTztstdQb8QYpeRLanpX1CO-oRdoHcXgdvOResJRuJWBMPZ_OTyxvHHww\/s1600\/L1160442.JPG\" data-original-width=\"800\" data-original-height=\"556\" \/><\/a><\/div>\n<p>\nma p\u00e9riode f\u00e9tiche, le mid-century design. sans doute parce que j&rsquo;ai grandi dans ce genre d&rsquo;environnement, le salon familial en fait. plus tard, mes parents sont pass\u00e9s aux meubles antiques.<\/p>\n<p>qu&rsquo;est-ce au juste? c&rsquo;est la p\u00e9riode de 1933 \u00e0 1965 environ (<a href=\"https:\/\/en.wikipedia.org\/wiki\/Mid-century_modern\" target=\"_blank\">wikipedia<\/a>) du design au sens large.<\/p>\n<p>une belle qualit\u00e9 graphique a \u00e9t\u00e9 cr\u00e9\u00e9e durant cette p\u00e9riode. de l\u00e0 mon int\u00e9r\u00eat pour le livre de Theo Inglis, \u00ab<a href=\"https:\/\/www.theoinglis.co.uk\/MCMGD\" target=\"_blank\">Mid-Century modern, Graphic Design<\/a>\u00bb. allez visiter le lien, il y pr\u00e9sente vraiment plusieurs pages.<\/p>\n<div style=\"clear: both; text-align: center;\"><a href=\"https:\/\/blogger.googleusercontent.com\/img\/b\/R29vZ2xl\/AVvXsEgHcHgTkEa38Qqlbsq5B_DgD1jYC5zeEwcVuuQUd877UXT0FAmCiQqjTU_JQJ8Cv7RUjyxgwQxDLxvC7Kjl4MOxEbh6hpeQgy9oSyntaFfs1eceD4mNWWovucGWD5SZvYbeZnU\/s1600\/L1160444.JPG\" style=\"margin-left: 1em; margin-right: 1em;\"><img decoding=\"async\" border=\"0\" src=\"https:\/\/blogger.googleusercontent.com\/img\/b\/R29vZ2xl\/AVvXsEgHcHgTkEa38Qqlbsq5B_DgD1jYC5zeEwcVuuQUd877UXT0FAmCiQqjTU_JQJ8Cv7RUjyxgwQxDLxvC7Kjl4MOxEbh6hpeQgy9oSyntaFfs1eceD4mNWWovucGWD5SZvYbeZnU\/s1600\/L1160444.JPG\" data-original-width=\"800\" data-original-height=\"451\" \/><\/a><\/div>\n<p><\/p>\n<div style=\"clear: both; text-align: center;\"><a href=\"https:\/\/blogger.googleusercontent.com\/img\/b\/R29vZ2xl\/AVvXsEgWRvrRMvzOgOYzrVf5D0hKWH_aEJ7Drkfakdl4HsTaFQDLKnaehEvyuONn-fqIbmBkTlLeqZdz_vOHMaNhkmUEhIDt03xnmEX_z3psBWV-2Vczh44uu_i_6FH9Oa5rXRrZfzU\/s1600\/L1160446.JPG\" style=\"margin-left: 1em; margin-right: 1em;\"><img decoding=\"async\" border=\"0\" src=\"https:\/\/blogger.googleusercontent.com\/img\/b\/R29vZ2xl\/AVvXsEgWRvrRMvzOgOYzrVf5D0hKWH_aEJ7Drkfakdl4HsTaFQDLKnaehEvyuONn-fqIbmBkTlLeqZdz_vOHMaNhkmUEhIDt03xnmEX_z3psBWV-2Vczh44uu_i_6FH9Oa5rXRrZfzU\/s1600\/L1160446.JPG\" data-original-width=\"800\" data-original-height=\"431\" \/><\/a><\/div>\n<p>\nje pourrais vous en parler longuement, mais si vous aimez le genre c&rsquo;est un livre \u00e0 voir. il propose une grande quantit\u00e9 de belles images et donc d&rsquo;inspiration. j&rsquo;ai d\u00e9couvert que ce mouvement \u00e9tait finalement tr\u00e8s diversifi\u00e9, tr\u00e8s color\u00e9 et o\u00f9 on utilisait souvent des lignes pures. il faut aussi avoir en t\u00eate que le design \u00e0 l&rsquo;ordinateur n&rsquo;existait pas \u00e0 l&rsquo;\u00e9poque.<\/p>\n<p>l&rsquo;auteur fait le tour du sujet en parlant des couvertures de livres, des pochettes de disques, des promotions et de publications diverses. un r\u00e9el festin pour moi tout \u00e7a.<\/p>\n<p>et si vous \u00eates vraiment maniaque, mon ami patrick m&rsquo;a donn\u00e9 le site <a href=\"https:\/\/www.instagram.com\/savemidmod\/\" target=\"_blank\">savemidmod<\/a>   sur instagram.<\/p>\n","protected":false},"excerpt":{"rendered":"<p>ma p\u00e9riode f\u00e9tiche, le mid-century design. sans doute parce que j&rsquo;ai grandi dans ce genre d&rsquo;environnement, le salon familial en fait. plus tard, mes parents sont pass\u00e9s aux meubles antiques. qu&rsquo;est-ce au juste? c&rsquo;est la p\u00e9riode de 1933 \u00e0 1965 environ (wikipedia) du design au sens large. une belle qualit\u00e9 graphique a \u00e9t\u00e9 cr\u00e9\u00e9e durant cette p\u00e9riode. de l\u00e0 mon int\u00e9r\u00eat pour le livre de Theo Inglis, \u00abMid-Century modern, Graphic Design\u00bb. allez visiter le lien, il y pr\u00e9sente vraiment plusieurs pages. je pourrais vous en parler longuement, mais si vous aimez le genre c&rsquo;est un livre \u00e0 voir. il propose une grande quantit\u00e9 de belles images et donc d&rsquo;inspiration. j&rsquo;ai d\u00e9couvert que ce mouvement \u00e9tait finalement tr\u00e8s diversifi\u00e9, tr\u00e8s color\u00e9 et o\u00f9 on utilisait souvent des lignes pures. il faut aussi avoir en t\u00eate que le design \u00e0 l&rsquo;ordinateur n&rsquo;existait pas \u00e0 l&rsquo;\u00e9poque. l&rsquo;auteur fait le tour du sujet en parlant des couvertures de livres, des pochettes de disques, des promotions et de publications diverses. un r\u00e9el festin pour moi tout \u00e7a. et si vous \u00eates vraiment maniaque, mon ami patrick m&rsquo;a donn\u00e9 le site savemidmod sur instagram.<\/p>\n","protected":false},"author":1,"featured_media":0,"comment_status":"open","ping_status":"open","sticky":false,"template":"","format":"standard","meta":{"footnotes":""},"categories":[6,5,3,7,9],"tags":[],"class_list":["post-895","post","type-post","status-publish","format-standard","hentry","category-air-du-temps","category-artistique","category-creativite","category-livres","category-sourire"],"acf":[],"_links":{"self":[{"href":"https:\/\/gycouture.com\/blogue\/index.php?rest_route=\/wp\/v2\/posts\/895","targetHints":{"allow":["GET"]}}],"collection":[{"href":"https:\/\/gycouture.com\/blogue\/index.php?rest_route=\/wp\/v2\/posts"}],"about":[{"href":"https:\/\/gycouture.com\/blogue\/index.php?rest_route=\/wp\/v2\/types\/post"}],"author":[{"embeddable":true,"href":"https:\/\/gycouture.com\/blogue\/index.php?rest_route=\/wp\/v2\/users\/1"}],"replies":[{"embeddable":true,"href":"https:\/\/gycouture.com\/blogue\/index.php?rest_route=%2Fwp%2Fv2%2Fcomments&post=895"}],"version-history":[{"count":0,"href":"https:\/\/gycouture.com\/blogue\/index.php?rest_route=\/wp\/v2\/posts\/895\/revisions"}],"wp:attachment":[{"href":"https:\/\/gycouture.com\/blogue\/index.php?rest_route=%2Fwp%2Fv2%2Fmedia&parent=895"}],"wp:term":[{"taxonomy":"category","embeddable":true,"href":"https:\/\/gycouture.com\/blogue\/index.php?rest_route=%2Fwp%2Fv2%2Fcategories&post=895"},{"taxonomy":"post_tag","embeddable":true,"href":"https:\/\/gycouture.com\/blogue\/index.php?rest_route=%2Fwp%2Fv2%2Ftags&post=895"}],"curies":[{"name":"wp","href":"https:\/\/api.w.org\/{rel}","templated":true}]}}