{"id":874,"date":"2019-11-23T15:27:00","date_gmt":"2019-11-23T15:27:00","guid":{"rendered":"https:\/\/gycouture.com\/blogue\/index.php\/2019\/11\/23\/vie-datelier\/"},"modified":"2019-11-23T15:27:00","modified_gmt":"2019-11-23T15:27:00","slug":"vie-datelier","status":"publish","type":"post","link":"https:\/\/gycouture.com\/blogue\/?p=874","title":{"rendered":"vie d&rsquo;atelier"},"content":{"rendered":"<div style=\"clear: both; text-align: center;\"><a href=\"https:\/\/blogger.googleusercontent.com\/img\/b\/R29vZ2xl\/AVvXsEiXMIENh4LvFRdGbh7mQDuOs5ss5O3YPwxZysvnCCaQItqF6TgLNcKUSQBoxT3R_XSUmYMvDt8mMjBezYPYzvTnUVDTKvt-HwuqOvFku3SmlllpXB81Pi1IF_wH4_ymGWMaouY\/s1600\/IMG_20191116_130051.jpg\" style=\"margin-left: 1em; margin-right: 1em;\"><img decoding=\"async\" border=\"0\" src=\"https:\/\/blogger.googleusercontent.com\/img\/b\/R29vZ2xl\/AVvXsEiXMIENh4LvFRdGbh7mQDuOs5ss5O3YPwxZysvnCCaQItqF6TgLNcKUSQBoxT3R_XSUmYMvDt8mMjBezYPYzvTnUVDTKvt-HwuqOvFku3SmlllpXB81Pi1IF_wH4_ymGWMaouY\/s1600\/IMG_20191116_130051.jpg\" data-original-width=\"800\" data-original-height=\"617\" \/><\/a><\/div>\n<p>\nvoici ce que j&rsquo;ai fait \u00e0 l&rsquo;atelier dans les derni\u00e8res semaines.<\/p>\n<div style=\"clear: both; text-align: center;\"><a href=\"https:\/\/blogger.googleusercontent.com\/img\/b\/R29vZ2xl\/AVvXsEgX9NJAWzCxslxZyl-lReBcKVXAXEd1Fic_r9vPPN8Lhf6laNDSoiaIb61WX-Zoi27qQysJgfm2KIesaZ8JRYc26UC5D8OkKgGHocot0neWJuytPHOdF7H4UFYsDXbu0sU4xN8\/s1600\/guylaine_c.jpg\" style=\"margin-left: 1em; margin-right: 1em;\"><img decoding=\"async\" border=\"0\" src=\"https:\/\/blogger.googleusercontent.com\/img\/b\/R29vZ2xl\/AVvXsEgX9NJAWzCxslxZyl-lReBcKVXAXEd1Fic_r9vPPN8Lhf6laNDSoiaIb61WX-Zoi27qQysJgfm2KIesaZ8JRYc26UC5D8OkKgGHocot0neWJuytPHOdF7H4UFYsDXbu0sU4xN8\/s1600\/guylaine_c.jpg\" data-original-width=\"800\" data-original-height=\"607\" \/><\/a><\/div>\n<p>\n<a href=\"https:\/\/pariscollagecollective.com\/Allan-Bealy\" target=\"_blank\">Allan Bealy<\/a>, rencontr\u00e9 lors de volume 2, m&rsquo;a invit\u00e9e \u00e0 participer \u00e0 un livret de collages. nous serions 25 personnes \u00e0 avoir particip\u00e9 \u00e0 cette \u00e9dition. j&rsquo;ai re\u00e7u voil\u00e0 quelques semaines son collage de d\u00e9part et j&rsquo;ai ensuite fait le mien par dessus. le livre final sera disponible avant no\u00ebl sur blurb je crois. j&rsquo;ai vraiment h\u00e2te de voir ce que les autres ont fait.<\/p>\n<div style=\"clear: both; text-align: center;\"><a href=\"https:\/\/blogger.googleusercontent.com\/img\/b\/R29vZ2xl\/AVvXsEh1mlNka0hV7mRD5-QuzWPPqKLZguEzYC0UJVCRKVCqZfGDaU5n_nKpgZg3g_LPtPgZdetH_3af9vnYKBMbjbvUuYkRPGKXIN8LKM2-RcSQ37mbwFOnD-RuLcPvO83B2OFIVyM\/s1600\/IMG_20191122_143922.jpg\" style=\"margin-left: 1em; margin-right: 1em;\"><img decoding=\"async\" border=\"0\" src=\"https:\/\/blogger.googleusercontent.com\/img\/b\/R29vZ2xl\/AVvXsEh1mlNka0hV7mRD5-QuzWPPqKLZguEzYC0UJVCRKVCqZfGDaU5n_nKpgZg3g_LPtPgZdetH_3af9vnYKBMbjbvUuYkRPGKXIN8LKM2-RcSQ37mbwFOnD-RuLcPvO83B2OFIVyM\/s1600\/IMG_20191122_143922.jpg\" data-original-width=\"800\" data-original-height=\"800\" \/><\/a><\/div>\n<p>\ncomme je ne parviens jamais \u00e0 jeter mes restants de papier, j&rsquo;ai d\u00e9cid\u00e9 de faire des carnets aux pages color\u00e9es \u00e0 partir des restants d&rsquo;une s\u00e9rie de \u00abyes madam\u00bb fait derni\u00e8rement. ils seront distribu\u00e9s \u00e0 mes ami.e.s dans les prochaines semaines, tant qu&rsquo;il y en aura.<\/p>\n","protected":false},"excerpt":{"rendered":"<p>voici ce que j&rsquo;ai fait \u00e0 l&rsquo;atelier dans les derni\u00e8res semaines. Allan Bealy, rencontr\u00e9 lors de volume 2, m&rsquo;a invit\u00e9e \u00e0 participer \u00e0 un livret de collages. nous serions 25 personnes \u00e0 avoir particip\u00e9 \u00e0 cette \u00e9dition. j&rsquo;ai re\u00e7u voil\u00e0 quelques semaines son collage de d\u00e9part et j&rsquo;ai ensuite fait le mien par dessus. le livre final sera disponible avant no\u00ebl sur blurb je crois. j&rsquo;ai vraiment h\u00e2te de voir ce que les autres ont fait. comme je ne parviens jamais \u00e0 jeter mes restants de papier, j&rsquo;ai d\u00e9cid\u00e9 de faire des carnets aux pages color\u00e9es \u00e0 partir des restants d&rsquo;une s\u00e9rie de \u00abyes madam\u00bb fait derni\u00e8rement. ils seront distribu\u00e9s \u00e0 mes ami.e.s dans les prochaines semaines, tant qu&rsquo;il y en aura.<\/p>\n","protected":false},"author":1,"featured_media":0,"comment_status":"open","ping_status":"open","sticky":false,"template":"","format":"standard","meta":{"footnotes":""},"categories":[6,5,3,4],"tags":[],"class_list":["post-874","post","type-post","status-publish","format-standard","hentry","category-air-du-temps","category-artistique","category-creativite","category-mes-projets"],"acf":[],"_links":{"self":[{"href":"https:\/\/gycouture.com\/blogue\/index.php?rest_route=\/wp\/v2\/posts\/874","targetHints":{"allow":["GET"]}}],"collection":[{"href":"https:\/\/gycouture.com\/blogue\/index.php?rest_route=\/wp\/v2\/posts"}],"about":[{"href":"https:\/\/gycouture.com\/blogue\/index.php?rest_route=\/wp\/v2\/types\/post"}],"author":[{"embeddable":true,"href":"https:\/\/gycouture.com\/blogue\/index.php?rest_route=\/wp\/v2\/users\/1"}],"replies":[{"embeddable":true,"href":"https:\/\/gycouture.com\/blogue\/index.php?rest_route=%2Fwp%2Fv2%2Fcomments&post=874"}],"version-history":[{"count":0,"href":"https:\/\/gycouture.com\/blogue\/index.php?rest_route=\/wp\/v2\/posts\/874\/revisions"}],"wp:attachment":[{"href":"https:\/\/gycouture.com\/blogue\/index.php?rest_route=%2Fwp%2Fv2%2Fmedia&parent=874"}],"wp:term":[{"taxonomy":"category","embeddable":true,"href":"https:\/\/gycouture.com\/blogue\/index.php?rest_route=%2Fwp%2Fv2%2Fcategories&post=874"},{"taxonomy":"post_tag","embeddable":true,"href":"https:\/\/gycouture.com\/blogue\/index.php?rest_route=%2Fwp%2Fv2%2Ftags&post=874"}],"curies":[{"name":"wp","href":"https:\/\/api.w.org\/{rel}","templated":true}]}}