{"id":848,"date":"2020-01-22T15:19:00","date_gmt":"2020-01-22T15:19:00","guid":{"rendered":"https:\/\/gycouture.com\/blogue\/index.php\/2020\/01\/22\/deux-livres-pour-ce-mercredi\/"},"modified":"2020-01-22T15:19:00","modified_gmt":"2020-01-22T15:19:00","slug":"deux-livres-pour-ce-mercredi","status":"publish","type":"post","link":"https:\/\/gycouture.com\/blogue\/?p=848","title":{"rendered":"deux livres pour ce mercredi"},"content":{"rendered":"<div style=\"clear: both; text-align: center;\"><a href=\"https:\/\/blogger.googleusercontent.com\/img\/b\/R29vZ2xl\/AVvXsEiW1waGg0dnNz8CvVdnmio-X0HX4parBD7TX55pYyg9u41VHVOo1yhWgX5DlzhkmLpRVYuyqUf5e2TgJlGWcDkD_x_TQsgiR-ziSQ19_bAwkyFpwGwckAh5H_qq7rXuaOMYrdc\/s1600\/IMG-2712.JPG\" style=\"margin-left: 1em; margin-right: 1em;\"><img decoding=\"async\" border=\"0\" src=\"https:\/\/blogger.googleusercontent.com\/img\/b\/R29vZ2xl\/AVvXsEiW1waGg0dnNz8CvVdnmio-X0HX4parBD7TX55pYyg9u41VHVOo1yhWgX5DlzhkmLpRVYuyqUf5e2TgJlGWcDkD_x_TQsgiR-ziSQ19_bAwkyFpwGwckAh5H_qq7rXuaOMYrdc\/s1600\/IMG-2712.JPG\" data-original-width=\"800\" data-original-height=\"548\" \/><\/a><\/div>\n<p>\nlors du symposium \u00ab<a href=\"http:\/\/www.kolajmagazine.com\/books-symposium\/index.html\" target=\"_blank\">the book in collage<\/a>\u00bb, j&rsquo;ai rencontr\u00e9 des artistes qui utilisent le collage comme forme artistique. parmi ces gens, <a href=\"https:\/\/www.instagram.com\/allan.bealy\/\" target=\"_blank\">Allan Bealy<\/a> a d\u00e9cid\u00e9 de faire un livret d&rsquo;\u0153uvres collaboratives.<\/p>\n<div style=\"clear: both; text-align: center;\"><a href=\"https:\/\/blogger.googleusercontent.com\/img\/b\/R29vZ2xl\/AVvXsEhhZ3fFdTrogrfw2RJMmf-f9FE-guelNt-9jvmrGmreOFxGxk2nZ49ap3JcsCcoBxhKCj_1cJWLd1ROKoH2rXsEzgm_8Mf55VKuoeO1k1M9wItHm5QclsxSFgPo2buiHpOHRpI\/s1600\/IMG-2714.JPG\" style=\"margin-left: 1em; margin-right: 1em;\"><img decoding=\"async\" border=\"0\" src=\"https:\/\/blogger.googleusercontent.com\/img\/b\/R29vZ2xl\/AVvXsEhhZ3fFdTrogrfw2RJMmf-f9FE-guelNt-9jvmrGmreOFxGxk2nZ49ap3JcsCcoBxhKCj_1cJWLd1ROKoH2rXsEzgm_8Mf55VKuoeO1k1M9wItHm5QclsxSFgPo2buiHpOHRpI\/s1600\/IMG-2714.JPG\" data-original-width=\"800\" data-original-height=\"347\" \/><\/a><\/div>\n<p>\nj&rsquo;en parlais ici <a href=\"https:\/\/gycouture.blogspot.com\/2019\/11\/vie-datelier.html\" target=\"_blank\">un peu plus longuement<\/a>. il nous a envoy\u00e9 un d\u00e9but de collage et nous avons tous personnalis\u00e9 sa cr\u00e9ation. je viens tout juste de recevoir ma copie. \u00e7a donne un livre qui pr\u00e9sente environ 25 collages. si l&rsquo;achat de ce livret vous int\u00e9resse, <a href=\"https:\/\/www.magcloud.com\/user\/abealy\" target=\"_blank\">il est disponible ici<\/a>. vous pouvez t\u00e9l\u00e9charger la version virtuelle gratuitement.<\/p>\n<div style=\"clear: both; text-align: center;\"><a href=\"https:\/\/blogger.googleusercontent.com\/img\/b\/R29vZ2xl\/AVvXsEipo7nR58BeEHzsDmsB44xGqjlvk-tCUDCuE90l8lKj_zIJtd8ejvusYShL83iaK83ZTrxWABOAZksgGfiDszrC9XkhhLbmb9bxYvhTRKsaqXAuiXWcUdDshwGr3gzzcHnm0gk\/s1600\/IMG-2716.JPG\" style=\"margin-left: 1em; margin-right: 1em;\"><img decoding=\"async\" border=\"0\" src=\"https:\/\/blogger.googleusercontent.com\/img\/b\/R29vZ2xl\/AVvXsEipo7nR58BeEHzsDmsB44xGqjlvk-tCUDCuE90l8lKj_zIJtd8ejvusYShL83iaK83ZTrxWABOAZksgGfiDszrC9XkhhLbmb9bxYvhTRKsaqXAuiXWcUdDshwGr3gzzcHnm0gk\/s1600\/IMG-2716.JPG\" data-original-width=\"800\" data-original-height=\"365\" \/><\/a><\/div>\n<p>\nje n&rsquo;ai pas eu la chance de discuter longtemps avec Allan. j&rsquo;aime beaucoup son travail. alors j&rsquo;en ai profit\u00e9 pour acheter \u00ab35 chairs\u00bb, un autre livre de ses collages o\u00f9 il m\u00e9lange des photos et des dessins techniques. \u00e7a donne une magnifique s\u00e9rie.<\/p>\n","protected":false},"excerpt":{"rendered":"<p>lors du symposium \u00abthe book in collage\u00bb, j&rsquo;ai rencontr\u00e9 des artistes qui utilisent le collage comme forme artistique. parmi ces gens, Allan Bealy a d\u00e9cid\u00e9 de faire un livret d&rsquo;\u0153uvres collaboratives. j&rsquo;en parlais ici un peu plus longuement. il nous a envoy\u00e9 un d\u00e9but de collage et nous avons tous personnalis\u00e9 sa cr\u00e9ation. je viens tout juste de recevoir ma copie. \u00e7a donne un livre qui pr\u00e9sente environ 25 collages. si l&rsquo;achat de ce livret vous int\u00e9resse, il est disponible ici. vous pouvez t\u00e9l\u00e9charger la version virtuelle gratuitement. je n&rsquo;ai pas eu la chance de discuter longtemps avec Allan. j&rsquo;aime beaucoup son travail. alors j&rsquo;en ai profit\u00e9 pour acheter \u00ab35 chairs\u00bb, un autre livre de ses collages o\u00f9 il m\u00e9lange des photos et des dessins techniques. \u00e7a donne une magnifique s\u00e9rie.<\/p>\n","protected":false},"author":1,"featured_media":0,"comment_status":"open","ping_status":"open","sticky":false,"template":"","format":"standard","meta":{"footnotes":""},"categories":[6,5,3,7,4],"tags":[],"class_list":["post-848","post","type-post","status-publish","format-standard","hentry","category-air-du-temps","category-artistique","category-creativite","category-livres","category-mes-projets"],"acf":[],"_links":{"self":[{"href":"https:\/\/gycouture.com\/blogue\/index.php?rest_route=\/wp\/v2\/posts\/848","targetHints":{"allow":["GET"]}}],"collection":[{"href":"https:\/\/gycouture.com\/blogue\/index.php?rest_route=\/wp\/v2\/posts"}],"about":[{"href":"https:\/\/gycouture.com\/blogue\/index.php?rest_route=\/wp\/v2\/types\/post"}],"author":[{"embeddable":true,"href":"https:\/\/gycouture.com\/blogue\/index.php?rest_route=\/wp\/v2\/users\/1"}],"replies":[{"embeddable":true,"href":"https:\/\/gycouture.com\/blogue\/index.php?rest_route=%2Fwp%2Fv2%2Fcomments&post=848"}],"version-history":[{"count":0,"href":"https:\/\/gycouture.com\/blogue\/index.php?rest_route=\/wp\/v2\/posts\/848\/revisions"}],"wp:attachment":[{"href":"https:\/\/gycouture.com\/blogue\/index.php?rest_route=%2Fwp%2Fv2%2Fmedia&parent=848"}],"wp:term":[{"taxonomy":"category","embeddable":true,"href":"https:\/\/gycouture.com\/blogue\/index.php?rest_route=%2Fwp%2Fv2%2Fcategories&post=848"},{"taxonomy":"post_tag","embeddable":true,"href":"https:\/\/gycouture.com\/blogue\/index.php?rest_route=%2Fwp%2Fv2%2Ftags&post=848"}],"curies":[{"name":"wp","href":"https:\/\/api.w.org\/{rel}","templated":true}]}}