{"id":765,"date":"2020-06-17T12:46:00","date_gmt":"2020-06-17T12:46:00","guid":{"rendered":"https:\/\/gycouture.com\/blogue\/index.php\/2020\/06\/17\/mouvement-invisible-mon-dernier-livre-dartiste\/"},"modified":"2020-06-17T12:46:00","modified_gmt":"2020-06-17T12:46:00","slug":"mouvement-invisible-mon-dernier-livre-dartiste","status":"publish","type":"post","link":"https:\/\/gycouture.com\/blogue\/?p=765","title":{"rendered":"mouvement (in)visible, mon dernier livre d&rsquo;artiste"},"content":{"rendered":"<div style=\"clear: both; text-align: center;\"><a href=\"https:\/\/blogger.googleusercontent.com\/img\/b\/R29vZ2xl\/AVvXsEho2-Ee_YTh6UyoEFtLkb66Z5y0B7me-iB9xlkoAAtFRBdDK0EU2oLzNrtOpAzFhl6gOyRfGSEbY7nHJe10Lg7byS7NB3IUIoPFg3Cnr0vzKaV_V-IEAgPY7Aep_X_zOln3bF0\/s1600\/1L1160941.JPG\" style=\"margin-left: 1em; margin-right: 1em;\"><img decoding=\"async\" border=\"0\" src=\"https:\/\/blogger.googleusercontent.com\/img\/b\/R29vZ2xl\/AVvXsEho2-Ee_YTh6UyoEFtLkb66Z5y0B7me-iB9xlkoAAtFRBdDK0EU2oLzNrtOpAzFhl6gOyRfGSEbY7nHJe10Lg7byS7NB3IUIoPFg3Cnr0vzKaV_V-IEAgPY7Aep_X_zOln3bF0\/s1600\/1L1160941.JPG\" data-original-width=\"800\" data-original-height=\"624\" \/><\/a><\/div>\n<p>\nje vous ai parl\u00e9 au mois de mai <a href=\"https:\/\/gycouture.blogspot.com\/2020\/05\/histoire-dune-idee-qui-na-pas.html\" target=\"_blank\">des difficult\u00e9s rencontr\u00e9es<\/a> dans mon processus cr\u00e9atif au sujet de mon dernier livre d&rsquo;artiste. pas un \u00e9chec, mais une bonne remise en question du projet. ce livre est maintenant termin\u00e9. je vous le pr\u00e9sente aujourd&rsquo;hui. <\/p>\n<p>je voulais travailler sur le mouvement (in)visible de la lumi\u00e8re. nous avons toutes et tous une fa\u00e7on diff\u00e9rente de voir les choses. c&rsquo;est un concept qui peut tr\u00e8s bien s&rsquo;\u00e9tendre \u00e0 la vie en g\u00e9n\u00e9ral. <\/p>\n<p>cette fois-ci, par les ouvertures qui se trouvent sur les c\u00f4t\u00e9s et sur le dessus du livre, la personne \u00e9clairera l&rsquo;int\u00e9rieur du livre \u00e0 sa fa\u00e7on, dans l&rsquo;ordre qu&rsquo;elle le d\u00e9sire, y passera le temps d\u00e9sir\u00e9 pour d\u00e9couvrir ce que j&rsquo;y ai plac\u00e9. au final, chacun verra un livre l\u00e9g\u00e8rement diff\u00e9rent.<\/p>\n<p>quand je regarde le livre aujourd&rsquo;hui, je fais in\u00e9vitablement un lien avec le confinement, car le livre a la silhouette d&rsquo;une maison.<\/p>\n<p>j&rsquo;en parle un peu plus longuement et pr\u00e9sente plusieurs photos <a href=\"https:\/\/guylainecouture.blogspot.com\/2020\/06\/mouvement-invisible.html\" target=\"_blank\">sur mon site ici<\/a>.<\/p>\n<div style=\"clear: both; text-align: center;\"><a href=\"https:\/\/blogger.googleusercontent.com\/img\/b\/R29vZ2xl\/AVvXsEhAB7IdhpXhjWZQJlVpd3Yit9zk3NblIPqffNRuF1QSesvfnjzVaK3Ce-dW5gj4cRvYy5Ae5G16vK9tv9xecphU72TF26Ye-N3ictsZecne5qlPzxQ-Ks3IdTKPBsRgGtUvsq4\/s1600\/5L1160938.gif\" style=\"margin-left: 1em; margin-right: 1em;\"><img decoding=\"async\" border=\"0\" src=\"https:\/\/blogger.googleusercontent.com\/img\/b\/R29vZ2xl\/AVvXsEhAB7IdhpXhjWZQJlVpd3Yit9zk3NblIPqffNRuF1QSesvfnjzVaK3Ce-dW5gj4cRvYy5Ae5G16vK9tv9xecphU72TF26Ye-N3ictsZecne5qlPzxQ-Ks3IdTKPBsRgGtUvsq4\/s1600\/5L1160938.gif\" data-original-width=\"800\" data-original-height=\"551\" \/><\/a><\/div>\n<p>\nce livre a \u00e9t\u00e9 accept\u00e9 pour <a href=\"https:\/\/livresdartistesauportage.wordpress.com\/oeuvres-2020\/\" target=\"_blank\">la biennale de Livres d\u2019artistes au Portage<\/a> qui aura lieu en septembre, si tout se passe bien.<\/p>\n","protected":false},"excerpt":{"rendered":"<p>je vous ai parl\u00e9 au mois de mai des difficult\u00e9s rencontr\u00e9es dans mon processus cr\u00e9atif au sujet de mon dernier livre d&rsquo;artiste. pas un \u00e9chec, mais une bonne remise en question du projet. ce livre est maintenant termin\u00e9. je vous le pr\u00e9sente aujourd&rsquo;hui. je voulais travailler sur le mouvement (in)visible de la lumi\u00e8re. nous avons toutes et tous une fa\u00e7on diff\u00e9rente de voir les choses. c&rsquo;est un concept qui peut tr\u00e8s bien s&rsquo;\u00e9tendre \u00e0 la vie en g\u00e9n\u00e9ral. cette fois-ci, par les ouvertures qui se trouvent sur les c\u00f4t\u00e9s et sur le dessus du livre, la personne \u00e9clairera l&rsquo;int\u00e9rieur du livre \u00e0 sa fa\u00e7on, dans l&rsquo;ordre qu&rsquo;elle le d\u00e9sire, y passera le temps d\u00e9sir\u00e9 pour d\u00e9couvrir ce que j&rsquo;y ai plac\u00e9. au final, chacun verra un livre l\u00e9g\u00e8rement diff\u00e9rent. quand je regarde le livre aujourd&rsquo;hui, je fais in\u00e9vitablement un lien avec le confinement, car le livre a la silhouette d&rsquo;une maison. j&rsquo;en parle un peu plus longuement et pr\u00e9sente plusieurs photos sur mon site ici. ce livre a \u00e9t\u00e9 accept\u00e9 pour la biennale de Livres d\u2019artistes au Portage qui aura lieu en septembre, si tout se passe bien.<\/p>\n","protected":false},"author":1,"featured_media":0,"comment_status":"open","ping_status":"open","sticky":false,"template":"","format":"standard","meta":{"footnotes":""},"categories":[6,5,3,7,4],"tags":[],"class_list":["post-765","post","type-post","status-publish","format-standard","hentry","category-air-du-temps","category-artistique","category-creativite","category-livres","category-mes-projets"],"acf":[],"_links":{"self":[{"href":"https:\/\/gycouture.com\/blogue\/index.php?rest_route=\/wp\/v2\/posts\/765","targetHints":{"allow":["GET"]}}],"collection":[{"href":"https:\/\/gycouture.com\/blogue\/index.php?rest_route=\/wp\/v2\/posts"}],"about":[{"href":"https:\/\/gycouture.com\/blogue\/index.php?rest_route=\/wp\/v2\/types\/post"}],"author":[{"embeddable":true,"href":"https:\/\/gycouture.com\/blogue\/index.php?rest_route=\/wp\/v2\/users\/1"}],"replies":[{"embeddable":true,"href":"https:\/\/gycouture.com\/blogue\/index.php?rest_route=%2Fwp%2Fv2%2Fcomments&post=765"}],"version-history":[{"count":0,"href":"https:\/\/gycouture.com\/blogue\/index.php?rest_route=\/wp\/v2\/posts\/765\/revisions"}],"wp:attachment":[{"href":"https:\/\/gycouture.com\/blogue\/index.php?rest_route=%2Fwp%2Fv2%2Fmedia&parent=765"}],"wp:term":[{"taxonomy":"category","embeddable":true,"href":"https:\/\/gycouture.com\/blogue\/index.php?rest_route=%2Fwp%2Fv2%2Fcategories&post=765"},{"taxonomy":"post_tag","embeddable":true,"href":"https:\/\/gycouture.com\/blogue\/index.php?rest_route=%2Fwp%2Fv2%2Ftags&post=765"}],"curies":[{"name":"wp","href":"https:\/\/api.w.org\/{rel}","templated":true}]}}