{"id":744,"date":"2020-08-16T14:03:00","date_gmt":"2020-08-16T14:03:00","guid":{"rendered":"https:\/\/gycouture.com\/blogue\/index.php\/2020\/08\/16\/la-presque-fin-du-projet-3651\/"},"modified":"2020-08-16T14:03:00","modified_gmt":"2020-08-16T14:03:00","slug":"la-presque-fin-du-projet-3651","status":"publish","type":"post","link":"https:\/\/gycouture.com\/blogue\/?p=744","title":{"rendered":"la presque fin du projet 365+1"},"content":{"rendered":"<\/p>\n<div style=\"clear: both; text-align: center;\"><a href=\"https:\/\/blogger.googleusercontent.com\/img\/b\/R29vZ2xl\/AVvXsEghfLVZx87YqC5j8c9gKMhh_pfe1LNk-mkGAh2qshhMOxP1T-XG8j7yHxnIVF9A_rU_RqxFq9XKkS8e0BhepXMAnpd3pfCoo_NzwOhYwKJa6P7p4DZAJS8sMn1f3AkxrnsA89M\/s879\/IMG-3052.JPG\" style=\"margin-left: 1em; margin-right: 1em;\"><img decoding=\"async\" border=\"0\" data-original-height=\"879\" data-original-width=\"800\" height=\"640\" src=\"https:\/\/blogger.googleusercontent.com\/img\/b\/R29vZ2xl\/AVvXsEghfLVZx87YqC5j8c9gKMhh_pfe1LNk-mkGAh2qshhMOxP1T-XG8j7yHxnIVF9A_rU_RqxFq9XKkS8e0BhepXMAnpd3pfCoo_NzwOhYwKJa6P7p4DZAJS8sMn1f3AkxrnsA89M\/s640\/IMG-3052.JPG\" \/><\/a><\/div>\n<p>&nbsp;<\/p>\n<p>j&rsquo;ai calcul\u00e9 vendredi qu&rsquo;il me restait deux impressions \u00e0 faire pour terminer mon projet 365+1, l&rsquo;expo qui aura lieu au Magasin, l&rsquo;espace de vente d&rsquo;Arprim \u00e0 partir du 11 septembre.&nbsp;<\/p>\n<p>&nbsp;<\/p>\n<p>sur la photo vous voyez les livrets du mois de mai. imaginez 12 mois. j&rsquo;ai tellement h\u00e2te de les installer pour voir l&rsquo;effet que cela va donner. <\/p>\n<p>&nbsp;<\/p>\n<p>chaque feuille a \u00e9t\u00e9 imprim\u00e9e trois fois avec un design et une couleur diff\u00e9rente, un total de 1098 impressions manuelles avec, la majorit\u00e9 du temps, mon rouleau \u00e0 p\u00e2te comme presse. je d\u00e9calais sur quatre feuilles \u00e0 chaque 12 feuilles. un calcul qui me permet d&rsquo;affirmer qu&rsquo;il s&rsquo;agit toutes d&rsquo;\u0153uvres uniques. j&rsquo;ai imprim\u00e9 sur des pages de livres, des d\u00e9pliants, de vieux documents, du papier color\u00e9 r\u00e9cup\u00e9r\u00e9, etc.<\/p>\n<p><\/p>\n<p>j&rsquo;ai eu un plaisir fou \u00e0 faire cette quantit\u00e9 d&rsquo;impressions, \u00e0 essayer avec ou sans trop de succ\u00e8s toutes sortes de mati\u00e8res, de textures, de formes, parfois \u00e0 l&rsquo;acrylique, parfois avec des encres d&rsquo;impressions. en fait, j&rsquo;aurai pu faire un livre sur les possibilit\u00e9s de ce type d&rsquo;impression. je ne pr\u00e9voyais pas trop et parfois le r\u00e9sultat \u00e9tait magnifique, des fois moins \u00e0 mon go\u00fbt \u00e0 moi. je m&rsquo;\u00e9tais donn\u00e9 comme d\u00e9fi de ne pas utiliser de noir et puis avec le confinement&#8230; je l&rsquo;ai utilis\u00e9 quelques fois.<\/p>\n<p><\/p>\n<p>voici ma version de l&rsquo;affiche qui n&rsquo;est pas tout \u00e0 fait termin\u00e9e.<\/p>\n<p>&nbsp;<\/p>\n<div style=\"clear: both; text-align: left;\"><a href=\"https:\/\/blogger.googleusercontent.com\/img\/b\/R29vZ2xl\/AVvXsEhh4d7QE_X6N73rpctq-Zs6PJnH7SG_UFJ3yXUfSlkncCOcKBsiSa5Hc9cPMR_6Lp5EgIOWEP9XDsbPWU4PU75Dmw1px5ywl5YzUooVX4FPcsH-Z_Tg1OYcYFcPHjX-PimO7Sc\/s800\/expo_septembre.jpg\" style=\"margin-left: 1em; margin-right: 1em;\"><img decoding=\"async\" border=\"0\" data-original-height=\"800\" data-original-width=\"800\" height=\"640\" src=\"https:\/\/blogger.googleusercontent.com\/img\/b\/R29vZ2xl\/AVvXsEhh4d7QE_X6N73rpctq-Zs6PJnH7SG_UFJ3yXUfSlkncCOcKBsiSa5Hc9cPMR_6Lp5EgIOWEP9XDsbPWU4PU75Dmw1px5ywl5YzUooVX4FPcsH-Z_Tg1OYcYFcPHjX-PimO7Sc\/s640\/expo_septembre.jpg\" \/><\/a><\/div>\n<p><\/p>\n<p>covid oblige, il n&rsquo;y aura sans doute pas de vernissage, mais vous pourrez vous les procurer sur place et ils seront aussi en vente en ligne d\u00e8s le 11 septembre. suivez mon blogue pour \u00eatre tenu au courant.<\/p>\n<p><\/p>\n<p>\u00e7a sera ma premi\u00e8re expo solo \u00e0 montr\u00e9al si je puis dire. \u00e7a, \u00e7a me fait plaisir! merci \u00e0 l&rsquo;\u00e9quipe d&rsquo;Arprim d&rsquo;avoir accept\u00e9 mon projet.<\/p>\n","protected":false},"excerpt":{"rendered":"<p>&nbsp; j&rsquo;ai calcul\u00e9 vendredi qu&rsquo;il me restait deux impressions \u00e0 faire pour terminer mon projet 365+1, l&rsquo;expo qui aura lieu au Magasin, l&rsquo;espace de vente d&rsquo;Arprim \u00e0 partir du 11 septembre.&nbsp; &nbsp; sur la photo vous voyez les livrets du mois de mai. imaginez 12 mois. j&rsquo;ai tellement h\u00e2te de les installer pour voir l&rsquo;effet que cela va donner. &nbsp; chaque feuille a \u00e9t\u00e9 imprim\u00e9e trois fois avec un design et une couleur diff\u00e9rente, un total de 1098 impressions manuelles avec, la majorit\u00e9 du temps, mon rouleau \u00e0 p\u00e2te comme presse. je d\u00e9calais sur quatre feuilles \u00e0 chaque 12 feuilles. un calcul qui me permet d&rsquo;affirmer qu&rsquo;il s&rsquo;agit toutes d&rsquo;\u0153uvres uniques. j&rsquo;ai imprim\u00e9 sur des pages de livres, des d\u00e9pliants, de vieux documents, du papier color\u00e9 r\u00e9cup\u00e9r\u00e9, etc. j&rsquo;ai eu un plaisir fou \u00e0 faire cette quantit\u00e9 d&rsquo;impressions, \u00e0 essayer avec ou sans trop de succ\u00e8s toutes sortes de mati\u00e8res, de textures, de formes, parfois \u00e0 l&rsquo;acrylique, parfois avec des encres d&rsquo;impressions. en fait, j&rsquo;aurai pu faire un livre sur les possibilit\u00e9s de ce type d&rsquo;impression. je ne pr\u00e9voyais pas trop et parfois le r\u00e9sultat \u00e9tait magnifique, des fois moins \u00e0 mon go\u00fbt \u00e0 moi. je m&rsquo;\u00e9tais donn\u00e9 comme d\u00e9fi de ne pas utiliser de noir et puis avec le confinement&#8230; je l&rsquo;ai utilis\u00e9 quelques fois. voici ma version de l&rsquo;affiche qui n&rsquo;est pas tout \u00e0 fait termin\u00e9e. &nbsp; covid oblige, il n&rsquo;y aura sans doute pas de vernissage, mais vous pourrez vous les procurer sur place et ils seront aussi en vente en ligne d\u00e8s le 11 septembre. suivez mon blogue pour \u00eatre tenu au courant. \u00e7a sera ma premi\u00e8re expo solo \u00e0 montr\u00e9al si je puis dire. \u00e7a, \u00e7a me fait plaisir! merci \u00e0 l&rsquo;\u00e9quipe d&rsquo;Arprim d&rsquo;avoir accept\u00e9 mon projet.<\/p>\n","protected":false},"author":1,"featured_media":0,"comment_status":"open","ping_status":"open","sticky":false,"template":"","format":"standard","meta":{"footnotes":""},"categories":[6,5,3,7,4],"tags":[],"class_list":["post-744","post","type-post","status-publish","format-standard","hentry","category-air-du-temps","category-artistique","category-creativite","category-livres","category-mes-projets"],"acf":[],"_links":{"self":[{"href":"https:\/\/gycouture.com\/blogue\/index.php?rest_route=\/wp\/v2\/posts\/744","targetHints":{"allow":["GET"]}}],"collection":[{"href":"https:\/\/gycouture.com\/blogue\/index.php?rest_route=\/wp\/v2\/posts"}],"about":[{"href":"https:\/\/gycouture.com\/blogue\/index.php?rest_route=\/wp\/v2\/types\/post"}],"author":[{"embeddable":true,"href":"https:\/\/gycouture.com\/blogue\/index.php?rest_route=\/wp\/v2\/users\/1"}],"replies":[{"embeddable":true,"href":"https:\/\/gycouture.com\/blogue\/index.php?rest_route=%2Fwp%2Fv2%2Fcomments&post=744"}],"version-history":[{"count":0,"href":"https:\/\/gycouture.com\/blogue\/index.php?rest_route=\/wp\/v2\/posts\/744\/revisions"}],"wp:attachment":[{"href":"https:\/\/gycouture.com\/blogue\/index.php?rest_route=%2Fwp%2Fv2%2Fmedia&parent=744"}],"wp:term":[{"taxonomy":"category","embeddable":true,"href":"https:\/\/gycouture.com\/blogue\/index.php?rest_route=%2Fwp%2Fv2%2Fcategories&post=744"},{"taxonomy":"post_tag","embeddable":true,"href":"https:\/\/gycouture.com\/blogue\/index.php?rest_route=%2Fwp%2Fv2%2Ftags&post=744"}],"curies":[{"name":"wp","href":"https:\/\/api.w.org\/{rel}","templated":true}]}}