{"id":739,"date":"2020-08-27T13:41:00","date_gmt":"2020-08-27T13:41:00","guid":{"rendered":"https:\/\/gycouture.com\/blogue\/index.php\/2020\/08\/27\/mes-3651-livrets\/"},"modified":"2020-08-27T13:41:00","modified_gmt":"2020-08-27T13:41:00","slug":"mes-3651-livrets","status":"publish","type":"post","link":"https:\/\/gycouture.com\/blogue\/?p=739","title":{"rendered":"mes 365+1 livrets"},"content":{"rendered":"<p>&nbsp;<\/p>\n<div style=\"clear: both; text-align: center;\"><\/div>\n<div style=\"clear: both; text-align: center;\"><\/div>\n<div style=\"clear: both; text-align: center;\"><\/div>\n<div style=\"clear: both; text-align: center;\"><a href=\"https:\/\/blogger.googleusercontent.com\/img\/b\/R29vZ2xl\/AVvXsEgIG1RUErAZ6hI0e8H4PCObtfTsXs6KqAMvte_-C6B8VyaKfSw8mpzPysYQybigTlDBOdATQo2sXeNfJ37TCruZ7ezlVWUYPYNLI45Q3MJGvVTcAr-e8Xd7PSoklqn7scYLCT0\/s800\/visuel_800.jpg\" style=\"margin-left: 1em; margin-right: 1em;\"><img decoding=\"async\" border=\"0\" data-original-height=\"800\" data-original-width=\"800\" height=\"640\" src=\"https:\/\/blogger.googleusercontent.com\/img\/b\/R29vZ2xl\/AVvXsEgIG1RUErAZ6hI0e8H4PCObtfTsXs6KqAMvte_-C6B8VyaKfSw8mpzPysYQybigTlDBOdATQo2sXeNfJ37TCruZ7ezlVWUYPYNLI45Q3MJGvVTcAr-e8Xd7PSoklqn7scYLCT0\/s640\/visuel_800.jpg\" \/>&nbsp;<\/a><\/div>\n<div style=\"clear: both; text-align: center;\">&nbsp;<\/div>\n<div style=\"clear: both; text-align: center;\">&nbsp;<\/div>\n<div style=\"clear: both; text-align: left;\">voici le visuel final de mon expo de septembre <a href=\"https:\/\/www.facebook.com\/lemagasinarprim\/\" target=\"_blank\">au magasin<\/a> de chez arprim. plusieurs impressions manuelles et un rouleau \u00e0 p\u00e2te.<\/div>\n<div style=\"clear: both; text-align: left;\">&nbsp;<\/div>\n<div style=\"clear: both; text-align: left;\">j&rsquo;ai appris qu&rsquo;il y aurait finalement un vernissage, mais je ne pourrai malheureusment pas y \u00eatre.&nbsp;<\/div>\n<div style=\"clear: both; text-align: left;\">&nbsp;<\/div>\n<div style=\"clear: both; text-align: left;\">par contre, je vais \u00eatre sur place \u00e0 deux moments durant l&rsquo;exposition question de pouvoir \u00e9changer avec les gens sur ce singulier projet. dates \u00e0 d\u00e9terminer un peu plus tard.<\/div><\/p>\n","protected":false},"excerpt":{"rendered":"<p>&nbsp; &nbsp; &nbsp; &nbsp; voici le visuel final de mon expo de septembre au magasin de chez arprim. plusieurs impressions manuelles et un rouleau \u00e0 p\u00e2te. &nbsp; j&rsquo;ai appris qu&rsquo;il y aurait finalement un vernissage, mais je ne pourrai malheureusment pas y \u00eatre.&nbsp; &nbsp; par contre, je vais \u00eatre sur place \u00e0 deux moments durant l&rsquo;exposition question de pouvoir \u00e9changer avec les gens sur ce singulier projet. dates \u00e0 d\u00e9terminer un peu plus tard.<\/p>\n","protected":false},"author":1,"featured_media":0,"comment_status":"open","ping_status":"open","sticky":false,"template":"","format":"standard","meta":{"footnotes":""},"categories":[6,5,3,4],"tags":[],"class_list":["post-739","post","type-post","status-publish","format-standard","hentry","category-air-du-temps","category-artistique","category-creativite","category-mes-projets"],"acf":[],"_links":{"self":[{"href":"https:\/\/gycouture.com\/blogue\/index.php?rest_route=\/wp\/v2\/posts\/739","targetHints":{"allow":["GET"]}}],"collection":[{"href":"https:\/\/gycouture.com\/blogue\/index.php?rest_route=\/wp\/v2\/posts"}],"about":[{"href":"https:\/\/gycouture.com\/blogue\/index.php?rest_route=\/wp\/v2\/types\/post"}],"author":[{"embeddable":true,"href":"https:\/\/gycouture.com\/blogue\/index.php?rest_route=\/wp\/v2\/users\/1"}],"replies":[{"embeddable":true,"href":"https:\/\/gycouture.com\/blogue\/index.php?rest_route=%2Fwp%2Fv2%2Fcomments&post=739"}],"version-history":[{"count":0,"href":"https:\/\/gycouture.com\/blogue\/index.php?rest_route=\/wp\/v2\/posts\/739\/revisions"}],"wp:attachment":[{"href":"https:\/\/gycouture.com\/blogue\/index.php?rest_route=%2Fwp%2Fv2%2Fmedia&parent=739"}],"wp:term":[{"taxonomy":"category","embeddable":true,"href":"https:\/\/gycouture.com\/blogue\/index.php?rest_route=%2Fwp%2Fv2%2Fcategories&post=739"},{"taxonomy":"post_tag","embeddable":true,"href":"https:\/\/gycouture.com\/blogue\/index.php?rest_route=%2Fwp%2Fv2%2Ftags&post=739"}],"curies":[{"name":"wp","href":"https:\/\/api.w.org\/{rel}","templated":true}]}}