{"id":717,"date":"2020-10-02T13:09:00","date_gmt":"2020-10-02T13:09:00","guid":{"rendered":"https:\/\/gycouture.com\/blogue\/index.php\/2020\/10\/02\/lexpo-est-sur-la-glace-et-une-suggestion\/"},"modified":"2020-10-02T13:09:00","modified_gmt":"2020-10-02T13:09:00","slug":"lexpo-est-sur-la-glace-et-une-suggestion","status":"publish","type":"post","link":"https:\/\/gycouture.com\/blogue\/?p=717","title":{"rendered":"l&rsquo;expo est sur la glace et une suggestion"},"content":{"rendered":"<\/p>\n<div style=\"clear: left; float: left; margin-bottom: 1em; margin-right: 1em; text-align: center;\"><img decoding=\"async\" border=\"0\" data-original-height=\"252\" data-original-width=\"800\" src=\"https:\/\/blogger.googleusercontent.com\/img\/b\/R29vZ2xl\/AVvXsEgGhOtanuKIwmhqU7tqILDQEwVMocu29hqZCsuax04PrKhNgDARASEqe78M9mTZtlE1LVz4Rzp_-XP99EpcPnqDcEtMTG01qNMTcHYjK9TNB_wBO78N15ejDDub1SVc5QbZ_S0\/s16000\/nmg-network-cn1UoowwxRs-unsplash.jpg\" \/><\/div>\n<p>&nbsp;<\/p>\n<p>montr\u00e9al est une zone rouge donc les galeries et centres d&rsquo;artiste sont ferm\u00e9s comme tout ce qui est culturel. et ce, pour 28 jours.&nbsp;<\/p>\n<p>&nbsp;<\/p>\n<p>mon exposition n&rsquo;est donc plus disponible au public en vrai. Arprim va sans doute r\u00e9\u00e9valu\u00e9 son calendrier, mais pand\u00e9mie oblige, nous ne savons pas vraiment de quoi seront fait les prochaines semaines, mois, etc.&nbsp;<\/p>\n<p>&nbsp;<\/p>\n<p>changement de sujet, si vous \u00eates abonn\u00e9 \u00e0 mon bulletin (le <a href=\"https:\/\/mailchi.mp\/e00111b4036a\/bulletin-cratif-65?e=47b342b191\" target=\"_blank\">dernier est ici<\/a>), vous avez re\u00e7u hier matin ma suggestion de ressortir nos livres sur l&rsquo;art. j&rsquo;ai r\u00e9alis\u00e9 en emballant ma biblioth\u00e8que que je ne consulte pas suffisamment mes livres. et vous? <\/p>\n<p>&nbsp;<\/p>\n<p>on les ach\u00e8te souvent sur un coup de c\u0153ur, \u00e0 la suite d&rsquo;une d\u00e9couverte ou d&rsquo;une exposition.<\/p>\n<p>ma suggestion a \u00e9t\u00e9 entendue, car quelques personnes m&rsquo;ont effectivement \u00e9crit pour me dire qu&rsquo;elles l&rsquo;avaient fait. voici une fa\u00e7on facile et \u00e9conomique d&rsquo;ajouter de la culture dans notre quotidien faute de mieux.&nbsp;<\/p>\n<p>&nbsp;<\/p>\n<p>&nbsp;photo de <a href=\"https:\/\/unsplash.com\/photos\/cn1UoowwxRs\" target=\"_blank\">NMG Network<\/a><\/p>\n","protected":false},"excerpt":{"rendered":"<p>&nbsp; montr\u00e9al est une zone rouge donc les galeries et centres d&rsquo;artiste sont ferm\u00e9s comme tout ce qui est culturel. et ce, pour 28 jours.&nbsp; &nbsp; mon exposition n&rsquo;est donc plus disponible au public en vrai. Arprim va sans doute r\u00e9\u00e9valu\u00e9 son calendrier, mais pand\u00e9mie oblige, nous ne savons pas vraiment de quoi seront fait les prochaines semaines, mois, etc.&nbsp; &nbsp; changement de sujet, si vous \u00eates abonn\u00e9 \u00e0 mon bulletin (le dernier est ici), vous avez re\u00e7u hier matin ma suggestion de ressortir nos livres sur l&rsquo;art. j&rsquo;ai r\u00e9alis\u00e9 en emballant ma biblioth\u00e8que que je ne consulte pas suffisamment mes livres. et vous? &nbsp; on les ach\u00e8te souvent sur un coup de c\u0153ur, \u00e0 la suite d&rsquo;une d\u00e9couverte ou d&rsquo;une exposition. ma suggestion a \u00e9t\u00e9 entendue, car quelques personnes m&rsquo;ont effectivement \u00e9crit pour me dire qu&rsquo;elles l&rsquo;avaient fait. voici une fa\u00e7on facile et \u00e9conomique d&rsquo;ajouter de la culture dans notre quotidien faute de mieux.&nbsp; &nbsp; &nbsp;photo de NMG Network<\/p>\n","protected":false},"author":1,"featured_media":0,"comment_status":"open","ping_status":"open","sticky":false,"template":"","format":"standard","meta":{"footnotes":""},"categories":[6,5,3,7],"tags":[],"class_list":["post-717","post","type-post","status-publish","format-standard","hentry","category-air-du-temps","category-artistique","category-creativite","category-livres"],"acf":[],"_links":{"self":[{"href":"https:\/\/gycouture.com\/blogue\/index.php?rest_route=\/wp\/v2\/posts\/717","targetHints":{"allow":["GET"]}}],"collection":[{"href":"https:\/\/gycouture.com\/blogue\/index.php?rest_route=\/wp\/v2\/posts"}],"about":[{"href":"https:\/\/gycouture.com\/blogue\/index.php?rest_route=\/wp\/v2\/types\/post"}],"author":[{"embeddable":true,"href":"https:\/\/gycouture.com\/blogue\/index.php?rest_route=\/wp\/v2\/users\/1"}],"replies":[{"embeddable":true,"href":"https:\/\/gycouture.com\/blogue\/index.php?rest_route=%2Fwp%2Fv2%2Fcomments&post=717"}],"version-history":[{"count":0,"href":"https:\/\/gycouture.com\/blogue\/index.php?rest_route=\/wp\/v2\/posts\/717\/revisions"}],"wp:attachment":[{"href":"https:\/\/gycouture.com\/blogue\/index.php?rest_route=%2Fwp%2Fv2%2Fmedia&parent=717"}],"wp:term":[{"taxonomy":"category","embeddable":true,"href":"https:\/\/gycouture.com\/blogue\/index.php?rest_route=%2Fwp%2Fv2%2Fcategories&post=717"},{"taxonomy":"post_tag","embeddable":true,"href":"https:\/\/gycouture.com\/blogue\/index.php?rest_route=%2Fwp%2Fv2%2Ftags&post=717"}],"curies":[{"name":"wp","href":"https:\/\/api.w.org\/{rel}","templated":true}]}}