{"id":702,"date":"2020-11-09T16:24:00","date_gmt":"2020-11-09T16:24:00","guid":{"rendered":"https:\/\/gycouture.com\/blogue\/index.php\/2020\/11\/09\/menage-de-portfolios\/"},"modified":"2020-11-09T16:24:00","modified_gmt":"2020-11-09T16:24:00","slug":"menage-de-portfolios","status":"publish","type":"post","link":"https:\/\/gycouture.com\/blogue\/?p=702","title":{"rendered":"m\u00e9nage de portfolios"},"content":{"rendered":"<p><\/p>\n<div style=\"clear: both; text-align: center;\"><a href=\"https:\/\/blogger.googleusercontent.com\/img\/b\/R29vZ2xl\/AVvXsEgDFFToX2LPXr2DVK2m81pqTcuXw-3oUrs_xaJDvTAiGfWH_9QVuZ0plujXMQFN7flxpqsrG9hMvPhIyjdVo1xLJ0b3NudEfUFXM-mFz1tnr4AVLzychEMKihNMDaKbFSzWC6s\/s800\/IMG-3114.JPG\" style=\"clear: left; float: left; margin-bottom: 1em; margin-right: 1em;\"><img decoding=\"async\" border=\"0\" data-original-height=\"800\" data-original-width=\"800\" src=\"https:\/\/blogger.googleusercontent.com\/img\/b\/R29vZ2xl\/AVvXsEgDFFToX2LPXr2DVK2m81pqTcuXw-3oUrs_xaJDvTAiGfWH_9QVuZ0plujXMQFN7flxpqsrG9hMvPhIyjdVo1xLJ0b3NudEfUFXM-mFz1tnr4AVLzychEMKihNMDaKbFSzWC6s\/s16000\/IMG-3114.JPG\" \/><\/a><\/div>\n<p>&nbsp;<\/p>\n<p>avec tous les dessins que j&rsquo;ai faits, plusieurs se sont retrouv\u00e9s dans des poubelles, ensuite des bacs de recyclage.<\/p>\n<p><\/p>\n<p>j&rsquo;ai fait le m\u00e9nage de quelques portfolios ce week-end. \u00e0 petite dose. j&rsquo;ai tellement de tests, dessins, que je ne peux effectivement tout garder et d&rsquo;ailleurs tout ne m\u00e9rite pas d&rsquo;\u00eatre conserv\u00e9, loin de l\u00e0.&nbsp;<\/p>\n<p>&nbsp;<\/p>\n<p>je ne jette jamais sur le moment par contre. j&rsquo;attends. car \u00e7a \u00e9volue dans ma t\u00eate. on ne fait jamais rien pour rien et en g\u00e9n\u00e9ral, je vais retrouver l&rsquo;essence. c&rsquo;est \u00e7a qui est important, l&rsquo;intention, jamais le r\u00e9sultat.<\/p>\n<p>&nbsp;<\/p>\n<p>il y a des dessins que je conserve depuis tr\u00e8s longtemps. je vais en pr\u00e9senter quelques-uns sur ma page instagram dans les prochains jours.<\/p>\n<p>&nbsp;<\/p>\n<p>j&rsquo;ai eu une tr\u00e8s longue p\u00e9riode o\u00f9 j&rsquo;utilisais la gouache o\u00f9 les couleurs sont sans r\u00e9flexion de lumi\u00e8re. l&rsquo;intensit\u00e9 est toujours au rendez-vous.<\/p>\n<p>&nbsp;<\/p>\n<\/p>\n<div style=\"clear: both; text-align: center;\"><a href=\"https:\/\/blogger.googleusercontent.com\/img\/b\/R29vZ2xl\/AVvXsEjv6soY8n2va88yIGbszQadY50Nu2GZF6q6QLTSgURssc079WaXVLzbLMGwCzorZZxJi3kjmNcDJF2uSLxoxuSu8EeKbvzdigwFpTopAPQ95QhEAk1xbtozmSu6Wb0MfFltuYU\/s800\/IMG-3110.JPG\" style=\"clear: left; float: left; margin-bottom: 1em; margin-right: 1em;\"><img decoding=\"async\" border=\"0\" data-original-height=\"800\" data-original-width=\"800\" src=\"https:\/\/blogger.googleusercontent.com\/img\/b\/R29vZ2xl\/AVvXsEjv6soY8n2va88yIGbszQadY50Nu2GZF6q6QLTSgURssc079WaXVLzbLMGwCzorZZxJi3kjmNcDJF2uSLxoxuSu8EeKbvzdigwFpTopAPQ95QhEAk1xbtozmSu6Wb0MfFltuYU\/s16000\/IMG-3110.JPG\" \/><\/a><\/div>\n<p>&nbsp;<\/p>\n<p>c&rsquo;est surtout cela que j&rsquo;ai photographi\u00e9 aujourd&rsquo;hui. je dessinais souvent \u00e0 partir de photo \u00e0 l&rsquo;\u00e9poque, question de faire des variations sur le traitement de l&rsquo;image. ici, les deux dessins sont autour de 1985.<\/p>\n","protected":false},"excerpt":{"rendered":"<p>&nbsp; avec tous les dessins que j&rsquo;ai faits, plusieurs se sont retrouv\u00e9s dans des poubelles, ensuite des bacs de recyclage. j&rsquo;ai fait le m\u00e9nage de quelques portfolios ce week-end. \u00e0 petite dose. j&rsquo;ai tellement de tests, dessins, que je ne peux effectivement tout garder et d&rsquo;ailleurs tout ne m\u00e9rite pas d&rsquo;\u00eatre conserv\u00e9, loin de l\u00e0.&nbsp; &nbsp; je ne jette jamais sur le moment par contre. j&rsquo;attends. car \u00e7a \u00e9volue dans ma t\u00eate. on ne fait jamais rien pour rien et en g\u00e9n\u00e9ral, je vais retrouver l&rsquo;essence. c&rsquo;est \u00e7a qui est important, l&rsquo;intention, jamais le r\u00e9sultat. &nbsp; il y a des dessins que je conserve depuis tr\u00e8s longtemps. je vais en pr\u00e9senter quelques-uns sur ma page instagram dans les prochains jours. &nbsp; j&rsquo;ai eu une tr\u00e8s longue p\u00e9riode o\u00f9 j&rsquo;utilisais la gouache o\u00f9 les couleurs sont sans r\u00e9flexion de lumi\u00e8re. l&rsquo;intensit\u00e9 est toujours au rendez-vous. &nbsp; &nbsp; c&rsquo;est surtout cela que j&rsquo;ai photographi\u00e9 aujourd&rsquo;hui. je dessinais souvent \u00e0 partir de photo \u00e0 l&rsquo;\u00e9poque, question de faire des variations sur le traitement de l&rsquo;image. ici, les deux dessins sont autour de 1985.<\/p>\n","protected":false},"author":1,"featured_media":0,"comment_status":"open","ping_status":"open","sticky":false,"template":"","format":"standard","meta":{"footnotes":""},"categories":[6,5,3,4],"tags":[],"class_list":["post-702","post","type-post","status-publish","format-standard","hentry","category-air-du-temps","category-artistique","category-creativite","category-mes-projets"],"acf":[],"_links":{"self":[{"href":"https:\/\/gycouture.com\/blogue\/index.php?rest_route=\/wp\/v2\/posts\/702","targetHints":{"allow":["GET"]}}],"collection":[{"href":"https:\/\/gycouture.com\/blogue\/index.php?rest_route=\/wp\/v2\/posts"}],"about":[{"href":"https:\/\/gycouture.com\/blogue\/index.php?rest_route=\/wp\/v2\/types\/post"}],"author":[{"embeddable":true,"href":"https:\/\/gycouture.com\/blogue\/index.php?rest_route=\/wp\/v2\/users\/1"}],"replies":[{"embeddable":true,"href":"https:\/\/gycouture.com\/blogue\/index.php?rest_route=%2Fwp%2Fv2%2Fcomments&post=702"}],"version-history":[{"count":0,"href":"https:\/\/gycouture.com\/blogue\/index.php?rest_route=\/wp\/v2\/posts\/702\/revisions"}],"wp:attachment":[{"href":"https:\/\/gycouture.com\/blogue\/index.php?rest_route=%2Fwp%2Fv2%2Fmedia&parent=702"}],"wp:term":[{"taxonomy":"category","embeddable":true,"href":"https:\/\/gycouture.com\/blogue\/index.php?rest_route=%2Fwp%2Fv2%2Fcategories&post=702"},{"taxonomy":"post_tag","embeddable":true,"href":"https:\/\/gycouture.com\/blogue\/index.php?rest_route=%2Fwp%2Fv2%2Ftags&post=702"}],"curies":[{"name":"wp","href":"https:\/\/api.w.org\/{rel}","templated":true}]}}