{"id":680,"date":"2020-12-21T14:38:00","date_gmt":"2020-12-21T14:38:00","guid":{"rendered":"https:\/\/gycouture.com\/blogue\/index.php\/2020\/12\/21\/un-livre-sur-ses-jambes-et-un-idee-folle\/"},"modified":"2020-12-21T14:38:00","modified_gmt":"2020-12-21T14:38:00","slug":"un-livre-sur-ses-jambes-et-un-idee-folle","status":"publish","type":"post","link":"https:\/\/gycouture.com\/blogue\/?p=680","title":{"rendered":"un livre sur ses jambes et un id\u00e9e folle"},"content":{"rendered":"<\/p>\n<div style=\"clear: both; text-align: center;\"><a href=\"https:\/\/blogger.googleusercontent.com\/img\/b\/R29vZ2xl\/AVvXsEjysvJYCYkSRxzlnx6TlmS7bJDTzXm3C0flGQr4ZphesufWjh1AdDBprVHtObMvG0-Hv1_i7iXPlp8lEgTviAnldeWYVDeyHlfqL9OjgfiBxmGG2IW8xrJ9RRXmdBlSEjG3Z2E\/s800\/2_guylaine_couture.jpg\" style=\"clear: left; float: left; margin-bottom: 1em; margin-right: 1em;\"><img decoding=\"async\" border=\"0\" data-original-height=\"400\" data-original-width=\"800\" src=\"https:\/\/blogger.googleusercontent.com\/img\/b\/R29vZ2xl\/AVvXsEjysvJYCYkSRxzlnx6TlmS7bJDTzXm3C0flGQr4ZphesufWjh1AdDBprVHtObMvG0-Hv1_i7iXPlp8lEgTviAnldeWYVDeyHlfqL9OjgfiBxmGG2IW8xrJ9RRXmdBlSEjG3Z2E\/s16000\/2_guylaine_couture.jpg\" \/><\/a><\/div>\n<\/p>\n<p>j&rsquo;ai particip\u00e9 au d\u00e9fi <a href=\"https:\/\/www.editions.studio\/areyoubookenough\/\" target=\"_blank\">#areyoubookenough<\/a> en 2019 sur des projets de juillet et ao\u00fbt, je crois. une belle fa\u00e7on de concevoir un livre, d&rsquo;en lancer les premi\u00e8res id\u00e9es, d&rsquo;y voir ou non un potentiel. ce fut pour moi la cr\u00e9ation de <a href=\"https:\/\/gycoutureboutique.blogspot.com\/2019\/09\/peut-on-mesurer-lamitie.html\" target=\"_blank\">mon livre sur l&rsquo;amiti\u00e9<\/a> et sur <a href=\"https:\/\/gycoutureboutique.blogspot.com\/2019\/09\/pourquoi-etes-vous-dans-lombre.html\" target=\"_blank\">les gens de l&rsquo;ombre<\/a>. j&rsquo;avais beaucoup aim\u00e9.&nbsp;<\/p>\n<p>&nbsp;<\/p>\n<p>cette fois-ci je me lance dans le projet du mois de d\u00e9cembre. le th\u00e8me, les jambes. \u00e9trange, non? \u00e9tant plus pr\u00e8s de la nature, je travaille avec des branches qui deviennent des jambes. je suis en processus. il me reste encore une dizaine de jours pour finaliser.<br \/>&nbsp;<\/p>\n<p>pour rigoler, voici une vid\u00e9o sur <a href=\"https:\/\/www.youtube.com\/watch?v=TBb9O-aW4zI&amp;feature=emb_title\" target=\"_blank\">un faiseur de b\u00fbches<\/a>. \u00e7a ne s&rsquo;invente pas mais j&rsquo;avoue avoir \u00e9t\u00e9 prise au jeu. j&rsquo;y ai cru parce que le monde est tellement fou parfois. merci Cathryn pour le partage. en effet, j&rsquo;ai d\u00e9couvert cette perle via <a href=\"https:\/\/byopiapress.wordpress.com\/\" target=\"_blank\">son calendrier de l&rsquo;avent<\/a>.<\/p>\n","protected":false},"excerpt":{"rendered":"<p>j&rsquo;ai particip\u00e9 au d\u00e9fi #areyoubookenough en 2019 sur des projets de juillet et ao\u00fbt, je crois. une belle fa\u00e7on de concevoir un livre, d&rsquo;en lancer les premi\u00e8res id\u00e9es, d&rsquo;y voir ou non un potentiel. ce fut pour moi la cr\u00e9ation de mon livre sur l&rsquo;amiti\u00e9 et sur les gens de l&rsquo;ombre. j&rsquo;avais beaucoup aim\u00e9.&nbsp; &nbsp; cette fois-ci je me lance dans le projet du mois de d\u00e9cembre. le th\u00e8me, les jambes. \u00e9trange, non? \u00e9tant plus pr\u00e8s de la nature, je travaille avec des branches qui deviennent des jambes. je suis en processus. il me reste encore une dizaine de jours pour finaliser.&nbsp; pour rigoler, voici une vid\u00e9o sur un faiseur de b\u00fbches. \u00e7a ne s&rsquo;invente pas mais j&rsquo;avoue avoir \u00e9t\u00e9 prise au jeu. j&rsquo;y ai cru parce que le monde est tellement fou parfois. merci Cathryn pour le partage. en effet, j&rsquo;ai d\u00e9couvert cette perle via son calendrier de l&rsquo;avent.<\/p>\n","protected":false},"author":1,"featured_media":0,"comment_status":"open","ping_status":"open","sticky":false,"template":"","format":"standard","meta":{"footnotes":""},"categories":[6,5,3,7,4,9],"tags":[],"class_list":["post-680","post","type-post","status-publish","format-standard","hentry","category-air-du-temps","category-artistique","category-creativite","category-livres","category-mes-projets","category-sourire"],"acf":[],"_links":{"self":[{"href":"https:\/\/gycouture.com\/blogue\/index.php?rest_route=\/wp\/v2\/posts\/680","targetHints":{"allow":["GET"]}}],"collection":[{"href":"https:\/\/gycouture.com\/blogue\/index.php?rest_route=\/wp\/v2\/posts"}],"about":[{"href":"https:\/\/gycouture.com\/blogue\/index.php?rest_route=\/wp\/v2\/types\/post"}],"author":[{"embeddable":true,"href":"https:\/\/gycouture.com\/blogue\/index.php?rest_route=\/wp\/v2\/users\/1"}],"replies":[{"embeddable":true,"href":"https:\/\/gycouture.com\/blogue\/index.php?rest_route=%2Fwp%2Fv2%2Fcomments&post=680"}],"version-history":[{"count":0,"href":"https:\/\/gycouture.com\/blogue\/index.php?rest_route=\/wp\/v2\/posts\/680\/revisions"}],"wp:attachment":[{"href":"https:\/\/gycouture.com\/blogue\/index.php?rest_route=%2Fwp%2Fv2%2Fmedia&parent=680"}],"wp:term":[{"taxonomy":"category","embeddable":true,"href":"https:\/\/gycouture.com\/blogue\/index.php?rest_route=%2Fwp%2Fv2%2Fcategories&post=680"},{"taxonomy":"post_tag","embeddable":true,"href":"https:\/\/gycouture.com\/blogue\/index.php?rest_route=%2Fwp%2Fv2%2Ftags&post=680"}],"curies":[{"name":"wp","href":"https:\/\/api.w.org\/{rel}","templated":true}]}}