{"id":611,"date":"2021-05-03T16:04:00","date_gmt":"2021-05-03T16:04:00","guid":{"rendered":"https:\/\/gycouture.com\/blogue\/index.php\/2021\/05\/03\/journee-collage-demande-de-participation\/"},"modified":"2021-05-03T16:04:00","modified_gmt":"2021-05-03T16:04:00","slug":"journee-collage-demande-de-participation","status":"publish","type":"post","link":"https:\/\/gycouture.com\/blogue\/?p=611","title":{"rendered":"journ\u00e9e collage: demande de participation"},"content":{"rendered":"<div style=\"clear: both; text-align: center;\"><a href=\"https:\/\/blogger.googleusercontent.com\/img\/b\/R29vZ2xl\/AVvXsEgSmM5THJuxwL05JcLGKQH6KeaEOifQ3Fg0aYhPdQKCmRcss61fKOAIBdhKD4IOZYbsKkN1U_YeDxkMkR8h9lDX2DyvXvFT3dwhNJKdSpByUB0U1FlhFN2ZJYJCuRBTqUNTNs4\/s800\/1+copie.jpg\" style=\"clear: left; float: left; margin-bottom: 1em; margin-right: 1em;\"><img decoding=\"async\" border=\"0\" data-original-height=\"607\" data-original-width=\"800\" src=\"https:\/\/blogger.googleusercontent.com\/img\/b\/R29vZ2xl\/AVvXsEgSmM5THJuxwL05JcLGKQH6KeaEOifQ3Fg0aYhPdQKCmRcss61fKOAIBdhKD4IOZYbsKkN1U_YeDxkMkR8h9lDX2DyvXvFT3dwhNJKdSpByUB0U1FlhFN2ZJYJCuRBTqUNTNs4\/s16000\/1+copie.jpg\" \/><\/a><\/div>\n<p><\/p>\n<p><\/p>\n<div style=\"clear: both; text-align: center;\">&nbsp;<\/div>\n<div style=\"clear: both; text-align: left;\">samedi prochain le 8 mai sera la journ\u00e9e mondiale du collage. l&rsquo;an dernier <a href=\"https:\/\/gycouture.blogspot.com\/2020\/05\/journee-mondiale-du-collage-vos.html\" target=\"_blank\">je vous avais propos\u00e9 une participation<\/a> \u00e0 partir d&rsquo;\u00e9l\u00e9ments fournis. je fais la m\u00eame chose cette ann\u00e9e pour les abonn\u00e9es de mon bulletin.<\/div>\n<\/p>\n<p style=\"text-align: left;\">&nbsp;<\/p>\n<p>si vous n&rsquo;\u00eates pas abonn\u00e9es, <a href=\"https:\/\/us5.list-manage.com\/subscribe?u=768406c34e76af6b6116b7448&amp;id=8b9d5bbd7b\" target=\"_blank\">vous pouvez le faire ici<\/a> et vous recevrez le lien pour t\u00e9l\u00e9charger les \u00e9l\u00e9ments du collage, cette ann\u00e9e sur le th\u00e8me de la covid. d\u00e9foulez-vous!<\/p>\n<p>&nbsp;<\/p>\n<p>je pr\u00e9senterai les collages re\u00e7us le lundi 10 mai prochain.<\/p>\n","protected":false},"excerpt":{"rendered":"<p>&nbsp; samedi prochain le 8 mai sera la journ\u00e9e mondiale du collage. l&rsquo;an dernier je vous avais propos\u00e9 une participation \u00e0 partir d&rsquo;\u00e9l\u00e9ments fournis. je fais la m\u00eame chose cette ann\u00e9e pour les abonn\u00e9es de mon bulletin. &nbsp; si vous n&rsquo;\u00eates pas abonn\u00e9es, vous pouvez le faire ici et vous recevrez le lien pour t\u00e9l\u00e9charger les \u00e9l\u00e9ments du collage, cette ann\u00e9e sur le th\u00e8me de la covid. d\u00e9foulez-vous! &nbsp; je pr\u00e9senterai les collages re\u00e7us le lundi 10 mai prochain.<\/p>\n","protected":false},"author":1,"featured_media":0,"comment_status":"open","ping_status":"open","sticky":false,"template":"","format":"standard","meta":{"footnotes":""},"categories":[6,5,3,4],"tags":[],"class_list":["post-611","post","type-post","status-publish","format-standard","hentry","category-air-du-temps","category-artistique","category-creativite","category-mes-projets"],"acf":[],"_links":{"self":[{"href":"https:\/\/gycouture.com\/blogue\/index.php?rest_route=\/wp\/v2\/posts\/611","targetHints":{"allow":["GET"]}}],"collection":[{"href":"https:\/\/gycouture.com\/blogue\/index.php?rest_route=\/wp\/v2\/posts"}],"about":[{"href":"https:\/\/gycouture.com\/blogue\/index.php?rest_route=\/wp\/v2\/types\/post"}],"author":[{"embeddable":true,"href":"https:\/\/gycouture.com\/blogue\/index.php?rest_route=\/wp\/v2\/users\/1"}],"replies":[{"embeddable":true,"href":"https:\/\/gycouture.com\/blogue\/index.php?rest_route=%2Fwp%2Fv2%2Fcomments&post=611"}],"version-history":[{"count":0,"href":"https:\/\/gycouture.com\/blogue\/index.php?rest_route=\/wp\/v2\/posts\/611\/revisions"}],"wp:attachment":[{"href":"https:\/\/gycouture.com\/blogue\/index.php?rest_route=%2Fwp%2Fv2%2Fmedia&parent=611"}],"wp:term":[{"taxonomy":"category","embeddable":true,"href":"https:\/\/gycouture.com\/blogue\/index.php?rest_route=%2Fwp%2Fv2%2Fcategories&post=611"},{"taxonomy":"post_tag","embeddable":true,"href":"https:\/\/gycouture.com\/blogue\/index.php?rest_route=%2Fwp%2Fv2%2Ftags&post=611"}],"curies":[{"name":"wp","href":"https:\/\/api.w.org\/{rel}","templated":true}]}}