{"id":609,"date":"2021-05-07T14:38:00","date_gmt":"2021-05-07T14:38:00","guid":{"rendered":"https:\/\/gycouture.com\/blogue\/index.php\/2021\/05\/07\/un-peu-de-ceci-et-de-cela-2\/"},"modified":"2021-05-07T14:38:00","modified_gmt":"2021-05-07T14:38:00","slug":"un-peu-de-ceci-et-de-cela-2","status":"publish","type":"post","link":"https:\/\/gycouture.com\/blogue\/?p=609","title":{"rendered":"un peu de ceci et de cela"},"content":{"rendered":"<\/p>\n<div style=\"clear: both; text-align: center;\"><a href=\"https:\/\/blogger.googleusercontent.com\/img\/b\/R29vZ2xl\/AVvXsEi4d4M8jZZWSCoYpM8YYd_52xvnKc72_fFvtOHPf3Ed9hri91WALL9H1CG6_lsuDkVR-rgzOj-wWSVXSplxpbA1jJnH7nZ6Cr78WkhIz4dRa8c9-5DOB6-p3FC3TpFP-0oJegA\/s800\/PXL_20210507_141303764.jpg\" style=\"clear: left; float: left; margin-bottom: 1em; margin-right: 1em;\"><img decoding=\"async\" border=\"0\" data-original-height=\"235\" data-original-width=\"800\" src=\"https:\/\/blogger.googleusercontent.com\/img\/b\/R29vZ2xl\/AVvXsEi4d4M8jZZWSCoYpM8YYd_52xvnKc72_fFvtOHPf3Ed9hri91WALL9H1CG6_lsuDkVR-rgzOj-wWSVXSplxpbA1jJnH7nZ6Cr78WkhIz4dRa8c9-5DOB6-p3FC3TpFP-0oJegA\/s16000\/PXL_20210507_141303764.jpg\" \/><\/a><\/div>\n<p>&nbsp;<\/p>\n<p>une chronique du vendredi compos\u00e9e des petites notes.<\/p>\n<p>&nbsp;<\/p>\n<p>je suis \u00e0 reprendre mon retard sur ma lecture des magazines uppercase. j&rsquo;ai trouv\u00e9 dans l&rsquo;article sur <a href=\"https:\/\/www.dietlindvanderschaaf.com\/\" target=\"_blank\">Dietlind Vander Schaaf<\/a> une magnifique d\u00e9finition du travail d&rsquo;artiste. je l&rsquo;ai photographi\u00e9 pour vous. une d\u00e9finition tr\u00e8s juste \u00e0 mon avis.<\/p>\n<p>&nbsp;<\/p>\n<p>quelques pages plus loin, dans un article sur <a href=\"https:\/\/number4designstudio.com\/\" target=\"_blank\">Dayle Bennett<\/a>, l&rsquo;artiste raconte qu&rsquo;apr\u00e8s plusieurs r\u00e9flexions, elle dit maintenant que son mandat est de \u00abmake, inspire, share\u00bb. je me retrouve bien l\u00e0-dedans aussi.<\/p>\n<p>&nbsp;<\/p>\n<p>Biblioth\u00e8que et archives nationales du Qu\u00e9bec m&rsquo;ont achet\u00e9 deux livres d&rsquo;artistes cette ann\u00e9e. Martine Renaud a \u00e9crit <a href=\"https:\/\/blogues.banq.qc.ca\/carnetbibliothequenationale\/2021\/04\/29\/des-livres-dartiste-uniques-et-remarquables\/\" target=\"_blank\">un billet sur le blogue de l&rsquo;institution<\/a><br \/>\n pour parler des \u0153uvres uniques qu&rsquo;ils ont choisies lors de ce comit\u00e9<br \/>\nd&rsquo;acquisition. c&rsquo;est int\u00e9ressant de voir le travail des autres artistes<br \/>\n dans le m\u00eame domaine. c&rsquo;est tr\u00e8s appr\u00e9ci\u00e9 cette diffusion.<\/p>\n<p>&nbsp;<\/p>\n<p>il est toujours temps de participer \u00e0 mon activit\u00e9 collage. il suffit de vous <a href=\"https:\/\/us5.list-manage.com\/subscribe?u=768406c34e76af6b6116b7448&amp;id=8b9d5bbd7b\" target=\"_blank\">abonner \u00e0 mon bulletin<\/a> et je vous envoie l&rsquo;information. vous devez utiliser au moins un des items du fichier fourni, question de faire un lien entre tous les r\u00e9sultats. j&rsquo;ai d\u00e9j\u00e0 commenc\u00e9 \u00e0 recevoir des \u0153uvres. merci merci de vos participations. je vous pr\u00e9senterai tous les collages re\u00e7us lundi prochain.<\/p>\n","protected":false},"excerpt":{"rendered":"<p>&nbsp; une chronique du vendredi compos\u00e9e des petites notes. &nbsp; je suis \u00e0 reprendre mon retard sur ma lecture des magazines uppercase. j&rsquo;ai trouv\u00e9 dans l&rsquo;article sur Dietlind Vander Schaaf une magnifique d\u00e9finition du travail d&rsquo;artiste. je l&rsquo;ai photographi\u00e9 pour vous. une d\u00e9finition tr\u00e8s juste \u00e0 mon avis. &nbsp; quelques pages plus loin, dans un article sur Dayle Bennett, l&rsquo;artiste raconte qu&rsquo;apr\u00e8s plusieurs r\u00e9flexions, elle dit maintenant que son mandat est de \u00abmake, inspire, share\u00bb. je me retrouve bien l\u00e0-dedans aussi. &nbsp; Biblioth\u00e8que et archives nationales du Qu\u00e9bec m&rsquo;ont achet\u00e9 deux livres d&rsquo;artistes cette ann\u00e9e. Martine Renaud a \u00e9crit un billet sur le blogue de l&rsquo;institution pour parler des \u0153uvres uniques qu&rsquo;ils ont choisies lors de ce comit\u00e9 d&rsquo;acquisition. c&rsquo;est int\u00e9ressant de voir le travail des autres artistes dans le m\u00eame domaine. c&rsquo;est tr\u00e8s appr\u00e9ci\u00e9 cette diffusion. &nbsp; il est toujours temps de participer \u00e0 mon activit\u00e9 collage. il suffit de vous abonner \u00e0 mon bulletin et je vous envoie l&rsquo;information. vous devez utiliser au moins un des items du fichier fourni, question de faire un lien entre tous les r\u00e9sultats. j&rsquo;ai d\u00e9j\u00e0 commenc\u00e9 \u00e0 recevoir des \u0153uvres. merci merci de vos participations. je vous pr\u00e9senterai tous les collages re\u00e7us lundi prochain.<\/p>\n","protected":false},"author":1,"featured_media":0,"comment_status":"open","ping_status":"open","sticky":false,"template":"","format":"standard","meta":{"footnotes":""},"categories":[6,5,3,4],"tags":[],"class_list":["post-609","post","type-post","status-publish","format-standard","hentry","category-air-du-temps","category-artistique","category-creativite","category-mes-projets"],"acf":[],"_links":{"self":[{"href":"https:\/\/gycouture.com\/blogue\/index.php?rest_route=\/wp\/v2\/posts\/609","targetHints":{"allow":["GET"]}}],"collection":[{"href":"https:\/\/gycouture.com\/blogue\/index.php?rest_route=\/wp\/v2\/posts"}],"about":[{"href":"https:\/\/gycouture.com\/blogue\/index.php?rest_route=\/wp\/v2\/types\/post"}],"author":[{"embeddable":true,"href":"https:\/\/gycouture.com\/blogue\/index.php?rest_route=\/wp\/v2\/users\/1"}],"replies":[{"embeddable":true,"href":"https:\/\/gycouture.com\/blogue\/index.php?rest_route=%2Fwp%2Fv2%2Fcomments&post=609"}],"version-history":[{"count":0,"href":"https:\/\/gycouture.com\/blogue\/index.php?rest_route=\/wp\/v2\/posts\/609\/revisions"}],"wp:attachment":[{"href":"https:\/\/gycouture.com\/blogue\/index.php?rest_route=%2Fwp%2Fv2%2Fmedia&parent=609"}],"wp:term":[{"taxonomy":"category","embeddable":true,"href":"https:\/\/gycouture.com\/blogue\/index.php?rest_route=%2Fwp%2Fv2%2Fcategories&post=609"},{"taxonomy":"post_tag","embeddable":true,"href":"https:\/\/gycouture.com\/blogue\/index.php?rest_route=%2Fwp%2Fv2%2Ftags&post=609"}],"curies":[{"name":"wp","href":"https:\/\/api.w.org\/{rel}","templated":true}]}}