{"id":466,"date":"2022-04-04T15:19:00","date_gmt":"2022-04-04T15:19:00","guid":{"rendered":"https:\/\/gycouture.com\/blogue\/index.php\/2022\/04\/04\/semer-un-interet-pour-le-zine\/"},"modified":"2022-04-04T15:19:00","modified_gmt":"2022-04-04T15:19:00","slug":"semer-un-interet-pour-le-zine","status":"publish","type":"post","link":"https:\/\/gycouture.com\/blogue\/?p=466","title":{"rendered":"semer un int\u00e9r\u00eat pour le zine"},"content":{"rendered":"<\/p>\n<div style=\"clear: both; text-align: center;\"><a href=\"https:\/\/blogger.googleusercontent.com\/img\/b\/R29vZ2xl\/AVvXsEhPhLh-Ap52Sd7b2AFuebY_tkNOEQZ2yejIEgbaqc_fm8wfCgdk_844vvNBrWDc9c0S5voJx8BcktG8qkQTUP7knBnBN8Betdd5qxCaeUF0qMXNZhifg_FKvG2BzzU1fvX-Ukl_0qRzbMzLfEvkaRcDwxM6nU1l3xnTRK8aezwCaq4Xkrw\/s800\/2_guylaine_couture.jpg\" style=\"clear: left; float: left; margin-bottom: 1em; margin-right: 1em;\"><img decoding=\"async\" border=\"0\" data-original-height=\"400\" data-original-width=\"800\" src=\"https:\/\/blogger.googleusercontent.com\/img\/b\/R29vZ2xl\/AVvXsEhPhLh-Ap52Sd7b2AFuebY_tkNOEQZ2yejIEgbaqc_fm8wfCgdk_844vvNBrWDc9c0S5voJx8BcktG8qkQTUP7knBnBN8Betdd5qxCaeUF0qMXNZhifg_FKvG2BzzU1fvX-Ukl_0qRzbMzLfEvkaRcDwxM6nU1l3xnTRK8aezwCaq4Xkrw\/s16000\/2_guylaine_couture.jpg\" \/><\/a><\/div>\n<p>depuis que je suis \u00e0 magog, j&rsquo;ai dans l&rsquo;id\u00e9e d&rsquo;organiser un petit salon du zine. je ne sais pas trop par o\u00f9 commencer, mais il me semble qu&rsquo;un tel \u00e9v\u00e9nement serait possible ici. j&rsquo;ai d\u00e9j\u00e0 trouv\u00e9 le lieu.<\/p>\n<p><\/p>\n<p>comment semer l&rsquo;id\u00e9e? j&rsquo;ai r\u00e9dig\u00e9 un projet que je viens de proposer \u00e0 la biblioth\u00e8que de la ville. une activit\u00e9 pour l&rsquo;automne prochain. j&rsquo;aime les groupes mixtes, donc je voudrais des adolescents, des adultes et des gens plus \u00e2g\u00e9s. c&rsquo;est la richesse d&rsquo;un groupe o\u00f9 les histoires et les exp\u00e9riences se m\u00e9langent.<\/p>\n<p>&nbsp;<\/p>\n<p>je pr\u00e9vois un premier salon en 2023. un projet \u00e0 tr\u00e8s long terme pour moi.<\/p>\n<p>&nbsp;<\/p>\n<p>je suis aussi dans l&rsquo;organisation d&rsquo;un \u00e9v\u00e9nement similaire \u00e0 <span style=\"color: black;\">notre-dame-du-portage<\/span> pour les journ\u00e9es de la culture de septembre prochain.<\/p>\n<p>&nbsp;<\/p>\n<p>\u2022\u2022<\/p>\n<p><\/p>\n<p>aussi, je voudrais remercier celles et ceux qui m&rsquo;ont fait des dons pour mes zines Ukraine. je suis loin de mon objectif, mais il reste encore une dizaine de jours (pour le 15 avril). je suis patiente. si vous aviez l&rsquo;id\u00e9e de faire un don, <a href=\"https:\/\/gycouture.blogspot.com\/2022\/03\/un-zine-don-pour-lukraine.html\" target=\"_blank\">ne m&rsquo;oubliez pas<\/a>!<\/p>\n","protected":false},"excerpt":{"rendered":"<p>depuis que je suis \u00e0 magog, j&rsquo;ai dans l&rsquo;id\u00e9e d&rsquo;organiser un petit salon du zine. je ne sais pas trop par o\u00f9 commencer, mais il me semble qu&rsquo;un tel \u00e9v\u00e9nement serait possible ici. j&rsquo;ai d\u00e9j\u00e0 trouv\u00e9 le lieu. comment semer l&rsquo;id\u00e9e? j&rsquo;ai r\u00e9dig\u00e9 un projet que je viens de proposer \u00e0 la biblioth\u00e8que de la ville. une activit\u00e9 pour l&rsquo;automne prochain. j&rsquo;aime les groupes mixtes, donc je voudrais des adolescents, des adultes et des gens plus \u00e2g\u00e9s. c&rsquo;est la richesse d&rsquo;un groupe o\u00f9 les histoires et les exp\u00e9riences se m\u00e9langent. &nbsp; je pr\u00e9vois un premier salon en 2023. un projet \u00e0 tr\u00e8s long terme pour moi. &nbsp; je suis aussi dans l&rsquo;organisation d&rsquo;un \u00e9v\u00e9nement similaire \u00e0 notre-dame-du-portage pour les journ\u00e9es de la culture de septembre prochain. &nbsp; \u2022\u2022 aussi, je voudrais remercier celles et ceux qui m&rsquo;ont fait des dons pour mes zines Ukraine. je suis loin de mon objectif, mais il reste encore une dizaine de jours (pour le 15 avril). je suis patiente. si vous aviez l&rsquo;id\u00e9e de faire un don, ne m&rsquo;oubliez pas!<\/p>\n","protected":false},"author":1,"featured_media":0,"comment_status":"open","ping_status":"open","sticky":false,"template":"","format":"standard","meta":{"footnotes":""},"categories":[6,5,3,7,4],"tags":[],"class_list":["post-466","post","type-post","status-publish","format-standard","hentry","category-air-du-temps","category-artistique","category-creativite","category-livres","category-mes-projets"],"acf":[],"_links":{"self":[{"href":"https:\/\/gycouture.com\/blogue\/index.php?rest_route=\/wp\/v2\/posts\/466","targetHints":{"allow":["GET"]}}],"collection":[{"href":"https:\/\/gycouture.com\/blogue\/index.php?rest_route=\/wp\/v2\/posts"}],"about":[{"href":"https:\/\/gycouture.com\/blogue\/index.php?rest_route=\/wp\/v2\/types\/post"}],"author":[{"embeddable":true,"href":"https:\/\/gycouture.com\/blogue\/index.php?rest_route=\/wp\/v2\/users\/1"}],"replies":[{"embeddable":true,"href":"https:\/\/gycouture.com\/blogue\/index.php?rest_route=%2Fwp%2Fv2%2Fcomments&post=466"}],"version-history":[{"count":0,"href":"https:\/\/gycouture.com\/blogue\/index.php?rest_route=\/wp\/v2\/posts\/466\/revisions"}],"wp:attachment":[{"href":"https:\/\/gycouture.com\/blogue\/index.php?rest_route=%2Fwp%2Fv2%2Fmedia&parent=466"}],"wp:term":[{"taxonomy":"category","embeddable":true,"href":"https:\/\/gycouture.com\/blogue\/index.php?rest_route=%2Fwp%2Fv2%2Fcategories&post=466"},{"taxonomy":"post_tag","embeddable":true,"href":"https:\/\/gycouture.com\/blogue\/index.php?rest_route=%2Fwp%2Fv2%2Ftags&post=466"}],"curies":[{"name":"wp","href":"https:\/\/api.w.org\/{rel}","templated":true}]}}