{"id":430,"date":"2022-06-17T13:40:00","date_gmt":"2022-06-17T13:40:00","guid":{"rendered":"https:\/\/gycouture.com\/blogue\/index.php\/2022\/06\/17\/je-cherche\/"},"modified":"2022-06-17T13:40:00","modified_gmt":"2022-06-17T13:40:00","slug":"je-cherche","status":"publish","type":"post","link":"https:\/\/gycouture.com\/blogue\/?p=430","title":{"rendered":"je cherche&#8230;"},"content":{"rendered":"<div style=\"clear: both; text-align: center;\"><a href=\"https:\/\/blogger.googleusercontent.com\/img\/b\/R29vZ2xl\/AVvXsEgpg1PDG1bRtN150WGTj5dsxOnb5tQp7gkwx41l52ZcxIKtALH6O12wFcV_AJhlw6EBtA30DI8x0Zcw9edt2QDnrXhG8kcVZ0QmI8LZMtmwusv6QKYyhxqPf1ph3e9LZ2T7Wb0C7NGqxRTZ_-3Lk5yMDrJ5Ze_fTFR4d_UeQ5gbU79zGv4\/s800\/espace_zines_1.jpg\" style=\"clear: left; float: left; margin-bottom: 1em; margin-right: 1em;\"><img decoding=\"async\" border=\"0\" data-original-height=\"687\" data-original-width=\"800\" src=\"https:\/\/blogger.googleusercontent.com\/img\/b\/R29vZ2xl\/AVvXsEgpg1PDG1bRtN150WGTj5dsxOnb5tQp7gkwx41l52ZcxIKtALH6O12wFcV_AJhlw6EBtA30DI8x0Zcw9edt2QDnrXhG8kcVZ0QmI8LZMtmwusv6QKYyhxqPf1ph3e9LZ2T7Wb0C7NGqxRTZ_-3Lk5yMDrJ5Ze_fTFR4d_UeQ5gbU79zGv4\/s16000\/espace_zines_1.jpg\" \/><\/a><\/div>\n<p><\/p>\n<p><\/p>\n<p>nous travaillons en ce moment \u00e0 l&rsquo;organisation de l&rsquo;\u00e9v\u00e9nement Espace zines \u00e0 Portage. pour l&rsquo;instant, on cherche des exposants du bas du fleuve ou d&rsquo;ailleurs pour notre salon du 2 octobre prochain. pour l&rsquo;instant nous sommes sept exposants, notre but est d&rsquo;\u00eatre une quinzaine, le nombre de places \u00e9tant limit\u00e9.<\/p>\n<p><\/p>\n<p>les conditions sont int\u00e9ressantes. toute l&rsquo;information et la programmation sont <a href=\"http:\/\/livresdartistesauportage.com\/\" target=\"_blank\">disponibles ici<\/a> (cliquez sur le mot zines \u00e0 droite dans la ligne de menu). svp, faites circuler la nouvelle!&nbsp;<\/p>\n<p>\u2022\u2022\u2022<\/p>\n<p>de mon c\u00f4t\u00e9, je cherche \u00e0 cr\u00e9er un groupe de cr\u00e9atifs pour un salon du zines qui se tiendrait \u00e0 magog en mars 2023. pour \u00e7a aussi je cherche des gens qui publient de multiples fa\u00e7ons: illustration\/dessin, gravure, po\u00e9sie, bande dessin\u00e9e, tout est bon.&nbsp;<\/p>\n<p>&nbsp;<\/p>\n<p>encore l\u00e0, svp, faites circuler la nouvelle sur vos r\u00e9seaux. c&rsquo;est un projet \u00e0 plus long terme, mais auquel je tiens vraiment.&nbsp;<\/p>\n<p>&nbsp; <\/p>\n<p>pour toutes questions, interrogations, <a href=\"mailto:gycouture@gmail.com\" target=\"_blank\">n&rsquo;h\u00e9sitez pas \u00e0 m&rsquo;\u00e9crire<\/a>. <\/p>\n","protected":false},"excerpt":{"rendered":"<p>nous travaillons en ce moment \u00e0 l&rsquo;organisation de l&rsquo;\u00e9v\u00e9nement Espace zines \u00e0 Portage. pour l&rsquo;instant, on cherche des exposants du bas du fleuve ou d&rsquo;ailleurs pour notre salon du 2 octobre prochain. pour l&rsquo;instant nous sommes sept exposants, notre but est d&rsquo;\u00eatre une quinzaine, le nombre de places \u00e9tant limit\u00e9. les conditions sont int\u00e9ressantes. toute l&rsquo;information et la programmation sont disponibles ici (cliquez sur le mot zines \u00e0 droite dans la ligne de menu). svp, faites circuler la nouvelle!&nbsp; \u2022\u2022\u2022 de mon c\u00f4t\u00e9, je cherche \u00e0 cr\u00e9er un groupe de cr\u00e9atifs pour un salon du zines qui se tiendrait \u00e0 magog en mars 2023. pour \u00e7a aussi je cherche des gens qui publient de multiples fa\u00e7ons: illustration\/dessin, gravure, po\u00e9sie, bande dessin\u00e9e, tout est bon.&nbsp; &nbsp; encore l\u00e0, svp, faites circuler la nouvelle sur vos r\u00e9seaux. c&rsquo;est un projet \u00e0 plus long terme, mais auquel je tiens vraiment.&nbsp; &nbsp; pour toutes questions, interrogations, n&rsquo;h\u00e9sitez pas \u00e0 m&rsquo;\u00e9crire.<\/p>\n","protected":false},"author":1,"featured_media":0,"comment_status":"open","ping_status":"open","sticky":false,"template":"","format":"standard","meta":{"footnotes":""},"categories":[6,5,3],"tags":[],"class_list":["post-430","post","type-post","status-publish","format-standard","hentry","category-air-du-temps","category-artistique","category-creativite"],"acf":[],"_links":{"self":[{"href":"https:\/\/gycouture.com\/blogue\/index.php?rest_route=\/wp\/v2\/posts\/430","targetHints":{"allow":["GET"]}}],"collection":[{"href":"https:\/\/gycouture.com\/blogue\/index.php?rest_route=\/wp\/v2\/posts"}],"about":[{"href":"https:\/\/gycouture.com\/blogue\/index.php?rest_route=\/wp\/v2\/types\/post"}],"author":[{"embeddable":true,"href":"https:\/\/gycouture.com\/blogue\/index.php?rest_route=\/wp\/v2\/users\/1"}],"replies":[{"embeddable":true,"href":"https:\/\/gycouture.com\/blogue\/index.php?rest_route=%2Fwp%2Fv2%2Fcomments&post=430"}],"version-history":[{"count":0,"href":"https:\/\/gycouture.com\/blogue\/index.php?rest_route=\/wp\/v2\/posts\/430\/revisions"}],"wp:attachment":[{"href":"https:\/\/gycouture.com\/blogue\/index.php?rest_route=%2Fwp%2Fv2%2Fmedia&parent=430"}],"wp:term":[{"taxonomy":"category","embeddable":true,"href":"https:\/\/gycouture.com\/blogue\/index.php?rest_route=%2Fwp%2Fv2%2Fcategories&post=430"},{"taxonomy":"post_tag","embeddable":true,"href":"https:\/\/gycouture.com\/blogue\/index.php?rest_route=%2Fwp%2Fv2%2Ftags&post=430"}],"curies":[{"name":"wp","href":"https:\/\/api.w.org\/{rel}","templated":true}]}}