{"id":412,"date":"2022-08-09T15:06:00","date_gmt":"2022-08-09T15:06:00","guid":{"rendered":"https:\/\/gycouture.com\/blogue\/index.php\/2022\/08\/09\/depuis-3-semaines\/"},"modified":"2022-08-09T15:06:00","modified_gmt":"2022-08-09T15:06:00","slug":"depuis-3-semaines","status":"publish","type":"post","link":"https:\/\/gycouture.com\/blogue\/?p=412","title":{"rendered":"depuis 3 semaines&#8230;"},"content":{"rendered":"<\/p>\n<div style=\"clear: both; text-align: center;\"><a href=\"https:\/\/blogger.googleusercontent.com\/img\/b\/R29vZ2xl\/AVvXsEj5vF8JBPDoTmzE1bnf62SBAkeTB1q7V4QcVgjjRgACpmEEVIV1VZZx-YJSx-6SPWLAjglSW9JK6nCtDzrEIHd0ykoLeVRzGJ5Cqwd9Ywx3p2TujYh278YNOfiNaYMxc_PDoQy3ME_W9rdF9HEf6Gfw2i9EqNg1-UY23EBnvf9n37Z3xkU\/s800\/2_guylaine_couture.jpg\" style=\"clear: left; float: left; margin-bottom: 1em; margin-right: 1em;\"><img decoding=\"async\" border=\"0\" data-original-height=\"400\" data-original-width=\"800\" src=\"https:\/\/blogger.googleusercontent.com\/img\/b\/R29vZ2xl\/AVvXsEj5vF8JBPDoTmzE1bnf62SBAkeTB1q7V4QcVgjjRgACpmEEVIV1VZZx-YJSx-6SPWLAjglSW9JK6nCtDzrEIHd0ykoLeVRzGJ5Cqwd9Ywx3p2TujYh278YNOfiNaYMxc_PDoQy3ME_W9rdF9HEf6Gfw2i9EqNg1-UY23EBnvf9n37Z3xkU\/s16000\/2_guylaine_couture.jpg\" \/><\/a><\/div>\n<p>&nbsp;<\/p>\n<p>qu&rsquo;avez-vous fait depuis trois semaines? plein de choses agr\u00e9ables, j&rsquo;esp\u00e8re. vous savez, quand je n&rsquo;\u00e9cris pas sur ce blog, j&rsquo;ai r\u00e9alis\u00e9 que je<br \/>\ngagnais quelques heures. mais j&rsquo;aime trop partager alors je suis tr\u00e8s<br \/>\ncontente de vous retrouver!&nbsp;<\/p>\n<p>&nbsp;<\/p>\n<p>de mon c\u00f4t\u00e9, beaucoup de lecture, de belles rencontres avec mes ami.e.s, un peu de dessin et quelques essais plus ou moins bien r\u00e9ussis. je participe au d\u00e9fi de mon ami Brigitte (<a href=\"https:\/\/www.instagram.com\/explore\/tags\/brigitte_lab\/\" target=\"_blank\">#brigitte_lab<\/a>) o\u00f9 j&rsquo;ai exp\u00e9riment\u00e9 \u00ab\u00e0 la mani\u00e8re de\u00bb m&rsquo;inspirant de talents ou techniques qui m&rsquo;int\u00e9ressaient. <\/p>\n<p><\/p>\n<p>\u00e7a sera aussi un retour \u00e0 l&rsquo;enseignement en quelque sorte cet automne. je donnerai, \u00e0 la prochaine biennale livres d&rsquo;artistes au Portage, une formation en zines le vendredi 30&#160;septembre. je passerai 2&#160;h \u00e0 explorer ce type d&rsquo;\u00e9dition et faire un zine avec une dizaine de participant.e.s. <a href=\"http:\/\/livresdartistesauportage.com\/zines\" target=\"_blank\">toute l&rsquo;information est ici<\/a>.<\/p>\n<p><\/p>\n<p>j&rsquo;ai commenc\u00e9 \u00e0 travailler sur le contenu et aussi du mat\u00e9riel dont j&rsquo;aurai besoin pour cet atelier. comme le zine est dans l&rsquo;air du temps, je donnerai une autre atelier plus complet aux <a href=\"https:\/\/www.facebook.com\/Les-ateliers-Dufferin-101373698776565\/\" target=\"_blank\">ateliers Dufferin<\/a> au mois d&rsquo;octobre. <a href=\"mailto:gycouture@gmail.com\" target=\"_blank\">\u00e9crivez-moi<\/a> si vous voulez en savoir plus. <\/p>\n<p><\/p>\n<p>tout cela est tr\u00e8s excitant. j&rsquo;ai tr\u00e8s h\u00e2te d&rsquo;aller \u00e0 la rencontre de tout ce beau monde!<\/p>\n","protected":false},"excerpt":{"rendered":"<p>&nbsp; qu&rsquo;avez-vous fait depuis trois semaines? plein de choses agr\u00e9ables, j&rsquo;esp\u00e8re. vous savez, quand je n&rsquo;\u00e9cris pas sur ce blog, j&rsquo;ai r\u00e9alis\u00e9 que je gagnais quelques heures. mais j&rsquo;aime trop partager alors je suis tr\u00e8s contente de vous retrouver!&nbsp; &nbsp; de mon c\u00f4t\u00e9, beaucoup de lecture, de belles rencontres avec mes ami.e.s, un peu de dessin et quelques essais plus ou moins bien r\u00e9ussis. je participe au d\u00e9fi de mon ami Brigitte (#brigitte_lab) o\u00f9 j&rsquo;ai exp\u00e9riment\u00e9 \u00ab\u00e0 la mani\u00e8re de\u00bb m&rsquo;inspirant de talents ou techniques qui m&rsquo;int\u00e9ressaient. \u00e7a sera aussi un retour \u00e0 l&rsquo;enseignement en quelque sorte cet automne. je donnerai, \u00e0 la prochaine biennale livres d&rsquo;artistes au Portage, une formation en zines le vendredi 30&#160;septembre. je passerai 2&#160;h \u00e0 explorer ce type d&rsquo;\u00e9dition et faire un zine avec une dizaine de participant.e.s. toute l&rsquo;information est ici. j&rsquo;ai commenc\u00e9 \u00e0 travailler sur le contenu et aussi du mat\u00e9riel dont j&rsquo;aurai besoin pour cet atelier. comme le zine est dans l&rsquo;air du temps, je donnerai une autre atelier plus complet aux ateliers Dufferin au mois d&rsquo;octobre. \u00e9crivez-moi si vous voulez en savoir plus. tout cela est tr\u00e8s excitant. j&rsquo;ai tr\u00e8s h\u00e2te d&rsquo;aller \u00e0 la rencontre de tout ce beau monde!<\/p>\n","protected":false},"author":1,"featured_media":0,"comment_status":"open","ping_status":"open","sticky":false,"template":"","format":"standard","meta":{"footnotes":""},"categories":[6,5,3,4],"tags":[],"class_list":["post-412","post","type-post","status-publish","format-standard","hentry","category-air-du-temps","category-artistique","category-creativite","category-mes-projets"],"acf":[],"_links":{"self":[{"href":"https:\/\/gycouture.com\/blogue\/index.php?rest_route=\/wp\/v2\/posts\/412","targetHints":{"allow":["GET"]}}],"collection":[{"href":"https:\/\/gycouture.com\/blogue\/index.php?rest_route=\/wp\/v2\/posts"}],"about":[{"href":"https:\/\/gycouture.com\/blogue\/index.php?rest_route=\/wp\/v2\/types\/post"}],"author":[{"embeddable":true,"href":"https:\/\/gycouture.com\/blogue\/index.php?rest_route=\/wp\/v2\/users\/1"}],"replies":[{"embeddable":true,"href":"https:\/\/gycouture.com\/blogue\/index.php?rest_route=%2Fwp%2Fv2%2Fcomments&post=412"}],"version-history":[{"count":0,"href":"https:\/\/gycouture.com\/blogue\/index.php?rest_route=\/wp\/v2\/posts\/412\/revisions"}],"wp:attachment":[{"href":"https:\/\/gycouture.com\/blogue\/index.php?rest_route=%2Fwp%2Fv2%2Fmedia&parent=412"}],"wp:term":[{"taxonomy":"category","embeddable":true,"href":"https:\/\/gycouture.com\/blogue\/index.php?rest_route=%2Fwp%2Fv2%2Fcategories&post=412"},{"taxonomy":"post_tag","embeddable":true,"href":"https:\/\/gycouture.com\/blogue\/index.php?rest_route=%2Fwp%2Fv2%2Ftags&post=412"}],"curies":[{"name":"wp","href":"https:\/\/api.w.org\/{rel}","templated":true}]}}