{"id":361,"date":"2022-11-25T14:00:00","date_gmt":"2022-11-25T14:00:00","guid":{"rendered":"https:\/\/gycouture.com\/blogue\/index.php\/2022\/11\/25\/la-fabrique-culturelle-les-zines-et-moi\/"},"modified":"2022-11-25T14:00:00","modified_gmt":"2022-11-25T14:00:00","slug":"la-fabrique-culturelle-les-zines-et-moi","status":"publish","type":"post","link":"https:\/\/gycouture.com\/blogue\/?p=361","title":{"rendered":"la fabrique culturelle, les zines et moi"},"content":{"rendered":"<\/p>\n<div style=\"clear: both; text-align: center;\"><a href=\"https:\/\/blogger.googleusercontent.com\/img\/b\/R29vZ2xl\/AVvXsEgbMPT3MW6jRvdjmHTV63r3cKM0AiNNJQs2ogG92a3arJhyuXrTE9LwLu0Eja66QpIMLly1rhQOR4_lPzf7420F-M04QiUeoZZlJHnPitl4YSmN50Yb0kU5-KEPd3a59e76x7osEIl__aMCiAO5xakmHTQBXA3tPn2Mv6ieBbRY6n0EFco\/s800\/blog.jpg\" style=\"clear: left; float: left; margin-bottom: 1em; margin-right: 1em;\"><img decoding=\"async\" border=\"0\" data-original-height=\"470\" data-original-width=\"800\" src=\"https:\/\/blogger.googleusercontent.com\/img\/b\/R29vZ2xl\/AVvXsEgbMPT3MW6jRvdjmHTV63r3cKM0AiNNJQs2ogG92a3arJhyuXrTE9LwLu0Eja66QpIMLly1rhQOR4_lPzf7420F-M04QiUeoZZlJHnPitl4YSmN50Yb0kU5-KEPd3a59e76x7osEIl__aMCiAO5xakmHTQBXA3tPn2Mv6ieBbRY6n0EFco\/s16000\/blog.jpg\" \/><\/a><\/div>\n<p>lors de l&rsquo;espace zine au Portage au mois d&rsquo;octobre dernier, la tr\u00e8s sympathique \u00e9quipe de la fabrique culturelle du bas st-laurent m&rsquo;a approch\u00e9 afin de faire une capsule sur les zines. j&rsquo;ai \u00e9t\u00e9 tr\u00e8s surprise par cette demande, je dois avouer.<\/p>\n<p>&nbsp;<\/p>\n<\/p>\n<p>on peut maintenant voir <a href=\"https:\/\/www.lafabriqueculturelle.tv\/capsules\/14314\/l-art-des-zines-vu-par-guylaine-couture-creer-a-microdoses\" target=\"_blank\">cette capsule sur le site ici<\/a>.<\/p>\n<p>&nbsp;<\/p>\n<p>je voudrais remercier ici les deux membres de la petite \u00e9quipe, sophie roch et william bastille-denis qui ont \u00e9t\u00e9 formidable pour une d\u00e9butante comme moi qui n&rsquo;avait jamais \u00e9t\u00e9 film\u00e9. que du plaisir!<\/p>\n","protected":false},"excerpt":{"rendered":"<p>lors de l&rsquo;espace zine au Portage au mois d&rsquo;octobre dernier, la tr\u00e8s sympathique \u00e9quipe de la fabrique culturelle du bas st-laurent m&rsquo;a approch\u00e9 afin de faire une capsule sur les zines. j&rsquo;ai \u00e9t\u00e9 tr\u00e8s surprise par cette demande, je dois avouer. &nbsp; on peut maintenant voir cette capsule sur le site ici. &nbsp; je voudrais remercier ici les deux membres de la petite \u00e9quipe, sophie roch et william bastille-denis qui ont \u00e9t\u00e9 formidable pour une d\u00e9butante comme moi qui n&rsquo;avait jamais \u00e9t\u00e9 film\u00e9. que du plaisir!<\/p>\n","protected":false},"author":1,"featured_media":0,"comment_status":"open","ping_status":"open","sticky":false,"template":"","format":"standard","meta":{"footnotes":""},"categories":[6,5,3,7,4,9],"tags":[],"class_list":["post-361","post","type-post","status-publish","format-standard","hentry","category-air-du-temps","category-artistique","category-creativite","category-livres","category-mes-projets","category-sourire"],"acf":[],"_links":{"self":[{"href":"https:\/\/gycouture.com\/blogue\/index.php?rest_route=\/wp\/v2\/posts\/361","targetHints":{"allow":["GET"]}}],"collection":[{"href":"https:\/\/gycouture.com\/blogue\/index.php?rest_route=\/wp\/v2\/posts"}],"about":[{"href":"https:\/\/gycouture.com\/blogue\/index.php?rest_route=\/wp\/v2\/types\/post"}],"author":[{"embeddable":true,"href":"https:\/\/gycouture.com\/blogue\/index.php?rest_route=\/wp\/v2\/users\/1"}],"replies":[{"embeddable":true,"href":"https:\/\/gycouture.com\/blogue\/index.php?rest_route=%2Fwp%2Fv2%2Fcomments&post=361"}],"version-history":[{"count":0,"href":"https:\/\/gycouture.com\/blogue\/index.php?rest_route=\/wp\/v2\/posts\/361\/revisions"}],"wp:attachment":[{"href":"https:\/\/gycouture.com\/blogue\/index.php?rest_route=%2Fwp%2Fv2%2Fmedia&parent=361"}],"wp:term":[{"taxonomy":"category","embeddable":true,"href":"https:\/\/gycouture.com\/blogue\/index.php?rest_route=%2Fwp%2Fv2%2Fcategories&post=361"},{"taxonomy":"post_tag","embeddable":true,"href":"https:\/\/gycouture.com\/blogue\/index.php?rest_route=%2Fwp%2Fv2%2Ftags&post=361"}],"curies":[{"name":"wp","href":"https:\/\/api.w.org\/{rel}","templated":true}]}}