{"id":3332,"date":"2006-09-22T00:15:00","date_gmt":"2006-09-22T00:15:00","guid":{"rendered":"https:\/\/gycouture.com\/blogue\/index.php\/2006\/09\/22\/journee-sans-voiture\/"},"modified":"2006-09-22T00:15:00","modified_gmt":"2006-09-22T00:15:00","slug":"journee-sans-voiture","status":"publish","type":"post","link":"https:\/\/gycouture.com\/blogue\/?p=3332","title":{"rendered":"journ\u00e9e sans voiture ?"},"content":{"rendered":"<p><a href=\"http:\/\/photos1.blogger.com\/blogger\/3536\/999\/1600\/char.gif\"><img decoding=\"async\" style=\"float:right; margin:0 0 10px 10px;cursor:pointer; cursor:hand;\" src=\"http:\/\/photos1.blogger.com\/blogger\/3536\/999\/320\/char.gif\" border=\"0\" alt=\"\" \/><\/a><br \/>tir\u00e9 d&rsquo;une <a href=\"http:\/\/www.voir.ca\/actualite\/medias.aspx?iIDArticle=43495&amp;inter=true\" target=\"_blank\">chronique m\u00e9dias de steve proulx<\/a> dans le journal voir de la semaine pass\u00e9e : \u00abDepuis cinq ans, l&rsquo;utilisation de l&rsquo;automobile \u00e0 Montr\u00e9al s&rsquo;est accrue de 10,5 % alors que la population a augment\u00e9 de 3 % seulement. Toujours \u00e0 Montr\u00e9al, 47 % des gaz \u00e0 effet de serre proviennent des transports, et la qualit\u00e9 de l&rsquo;air est mauvaise une journ\u00e9e sur cinq. Entre 1989 et 2002, le nombre de VUS sur les routes a doubl\u00e9. Pour 77 % des Qu\u00e9b\u00e9cois, l&rsquo;automobile est l&rsquo;unique moyen de transport. Un luxe qui co\u00fbte en moyenne 9000 $ par an.<br \/>Je pourrais poursuivre ainsi pendant trois pages, mais ce serait futile.\u00bb <br \/>il parle d&rsquo;une \u00e9mission de t\u00e9l\u00e9, mais son point de vue sur la question est int\u00e9ressant.<\/p>\n<p>demain, 22 septembre est la <a href=\"http:\/\/www.amt.qc.ca\/comm\/enville06\/\" target=\"_blank\">journ\u00e9e sans voiture<\/a>.<br \/>j&rsquo;aime les transports en commun parce que quelque part, j&rsquo;y gagne du temps. si j&rsquo;avais une voiture, je ne pourrais pas lire autant, m\u00eame chose quand je change de ville. je compte \u00e7a en heure de lecture. <br \/>le probl\u00e8me c&rsquo;est que la vie urbaine est d\u00e9velopp\u00e9e en fonction de la voiture. et quand on ne poss\u00e8de pas cette chose, on est un peu per\u00e7u comme quelqu&rsquo;un qui n&rsquo;est pas \u00abarriv\u00e9\u00bb dans la vie. dommage.<\/p>\n<p>je n&rsquo;ai rien contre la voiture. c&rsquo;est pratique, c&rsquo;est bien vrai. <br \/>mais devant cette trop grande quantit\u00e9 de v\u00e9hicules, il faudra bien penser \u00e0 changer nos habitudes, avant de ne plus pouvoir respirer.<\/p>\n","protected":false},"excerpt":{"rendered":"<p>tir\u00e9 d&rsquo;une chronique m\u00e9dias de steve proulx dans le journal voir de la semaine pass\u00e9e : \u00abDepuis cinq ans, l&rsquo;utilisation de l&rsquo;automobile \u00e0 Montr\u00e9al s&rsquo;est accrue de 10,5 % alors que la population a augment\u00e9 de 3 % seulement. Toujours \u00e0 Montr\u00e9al, 47 % des gaz \u00e0 effet de serre proviennent des transports, et la qualit\u00e9 de l&rsquo;air est mauvaise une journ\u00e9e sur cinq. Entre 1989 et 2002, le nombre de VUS sur les routes a doubl\u00e9. Pour 77 % des Qu\u00e9b\u00e9cois, l&rsquo;automobile est l&rsquo;unique moyen de transport. Un luxe qui co\u00fbte en moyenne 9000 $ par an.Je pourrais poursuivre ainsi pendant trois pages, mais ce serait futile.\u00bb il parle d&rsquo;une \u00e9mission de t\u00e9l\u00e9, mais son point de vue sur la question est int\u00e9ressant. demain, 22 septembre est la journ\u00e9e sans voiture.j&rsquo;aime les transports en commun parce que quelque part, j&rsquo;y gagne du temps. si j&rsquo;avais une voiture, je ne pourrais pas lire autant, m\u00eame chose quand je change de ville. je compte \u00e7a en heure de lecture. le probl\u00e8me c&rsquo;est que la vie urbaine est d\u00e9velopp\u00e9e en fonction de la voiture. et quand on ne poss\u00e8de pas cette chose, on est un peu per\u00e7u comme quelqu&rsquo;un qui n&rsquo;est pas \u00abarriv\u00e9\u00bb dans la vie. dommage. je n&rsquo;ai rien contre la voiture. c&rsquo;est pratique, c&rsquo;est bien vrai. mais devant cette trop grande quantit\u00e9 de v\u00e9hicules, il faudra bien penser \u00e0 changer nos habitudes, avant de ne plus pouvoir respirer.<\/p>\n","protected":false},"author":1,"featured_media":0,"comment_status":"open","ping_status":"open","sticky":false,"template":"","format":"standard","meta":{"footnotes":""},"categories":[1],"tags":[],"class_list":["post-3332","post","type-post","status-publish","format-standard","hentry","category-sans-categorie"],"acf":[],"_links":{"self":[{"href":"https:\/\/gycouture.com\/blogue\/index.php?rest_route=\/wp\/v2\/posts\/3332","targetHints":{"allow":["GET"]}}],"collection":[{"href":"https:\/\/gycouture.com\/blogue\/index.php?rest_route=\/wp\/v2\/posts"}],"about":[{"href":"https:\/\/gycouture.com\/blogue\/index.php?rest_route=\/wp\/v2\/types\/post"}],"author":[{"embeddable":true,"href":"https:\/\/gycouture.com\/blogue\/index.php?rest_route=\/wp\/v2\/users\/1"}],"replies":[{"embeddable":true,"href":"https:\/\/gycouture.com\/blogue\/index.php?rest_route=%2Fwp%2Fv2%2Fcomments&post=3332"}],"version-history":[{"count":0,"href":"https:\/\/gycouture.com\/blogue\/index.php?rest_route=\/wp\/v2\/posts\/3332\/revisions"}],"wp:attachment":[{"href":"https:\/\/gycouture.com\/blogue\/index.php?rest_route=%2Fwp%2Fv2%2Fmedia&parent=3332"}],"wp:term":[{"taxonomy":"category","embeddable":true,"href":"https:\/\/gycouture.com\/blogue\/index.php?rest_route=%2Fwp%2Fv2%2Fcategories&post=3332"},{"taxonomy":"post_tag","embeddable":true,"href":"https:\/\/gycouture.com\/blogue\/index.php?rest_route=%2Fwp%2Fv2%2Ftags&post=3332"}],"curies":[{"name":"wp","href":"https:\/\/api.w.org\/{rel}","templated":true}]}}