{"id":3290,"date":"2006-11-19T13:25:00","date_gmt":"2006-11-19T13:25:00","guid":{"rendered":"https:\/\/gycouture.com\/blogue\/index.php\/2006\/11\/19\/expozine-2006\/"},"modified":"2006-11-19T13:25:00","modified_gmt":"2006-11-19T13:25:00","slug":"expozine-2006","status":"publish","type":"post","link":"https:\/\/gycouture.com\/blogue\/?p=3290","title":{"rendered":"expozine 2006"},"content":{"rendered":"<p><a href=\"http:\/\/photos1.blogger.com\/blogger\/3536\/999\/1600\/expozine_logo_2k5.gif\"><img decoding=\"async\" style=\"float:right; margin:0 0 10px 10px;cursor:pointer; cursor:hand;\" src=\"http:\/\/photos1.blogger.com\/blogger\/3536\/999\/320\/expozine_logo_2k5.gif\" border=\"0\" alt=\"\" \/><\/a>\u00ab<a href=\"http:\/\/www.expozine.ca\/fr\/index.php\" target=\"_blank\">Expozine 2006<\/a>, la foire des fanzines, des bandes dessin\u00e9es et des petits \u00e9diteurs \u00e0 Montr\u00e9al! cette cinqui\u00e8me \u00e9dition aura lieu samedi le 25 novembre 2006, de 11 h \u00e0 18 h, au 5035, rue Saint-Dominique (pr\u00e8s du m\u00e9tro Laurier). Cette f\u00eate de la culture ind\u00e9pendante rassemble plus de 200 cr\u00e9ateurs de la chose imprim\u00e9e \u2013 anglophones et francophones \u2013 pour une des foires culturelles les plus excitantes en ville.\u00bb<\/p>\n<p>un must. j&rsquo;y serai pour me r\u00e9galer de toute cette \u00e9nergie cr\u00e9ative et cette passion du document imprim\u00e9 que je partage. <br \/>\u00e7a fait du bien \u00e0 mes yeux et \u00e0 mon coeur.<\/p>\n","protected":false},"excerpt":{"rendered":"<p>\u00abExpozine 2006, la foire des fanzines, des bandes dessin\u00e9es et des petits \u00e9diteurs \u00e0 Montr\u00e9al! cette cinqui\u00e8me \u00e9dition aura lieu samedi le 25 novembre 2006, de 11 h \u00e0 18 h, au 5035, rue Saint-Dominique (pr\u00e8s du m\u00e9tro Laurier). Cette f\u00eate de la culture ind\u00e9pendante rassemble plus de 200 cr\u00e9ateurs de la chose imprim\u00e9e \u2013 anglophones et francophones \u2013 pour une des foires culturelles les plus excitantes en ville.\u00bb un must. j&rsquo;y serai pour me r\u00e9galer de toute cette \u00e9nergie cr\u00e9ative et cette passion du document imprim\u00e9 que je partage. \u00e7a fait du bien \u00e0 mes yeux et \u00e0 mon coeur.<\/p>\n","protected":false},"author":1,"featured_media":0,"comment_status":"open","ping_status":"open","sticky":false,"template":"","format":"standard","meta":{"footnotes":""},"categories":[11],"tags":[],"class_list":["post-3290","post","type-post","status-publish","format-standard","hentry","category-sorties"],"acf":[],"_links":{"self":[{"href":"https:\/\/gycouture.com\/blogue\/index.php?rest_route=\/wp\/v2\/posts\/3290","targetHints":{"allow":["GET"]}}],"collection":[{"href":"https:\/\/gycouture.com\/blogue\/index.php?rest_route=\/wp\/v2\/posts"}],"about":[{"href":"https:\/\/gycouture.com\/blogue\/index.php?rest_route=\/wp\/v2\/types\/post"}],"author":[{"embeddable":true,"href":"https:\/\/gycouture.com\/blogue\/index.php?rest_route=\/wp\/v2\/users\/1"}],"replies":[{"embeddable":true,"href":"https:\/\/gycouture.com\/blogue\/index.php?rest_route=%2Fwp%2Fv2%2Fcomments&post=3290"}],"version-history":[{"count":0,"href":"https:\/\/gycouture.com\/blogue\/index.php?rest_route=\/wp\/v2\/posts\/3290\/revisions"}],"wp:attachment":[{"href":"https:\/\/gycouture.com\/blogue\/index.php?rest_route=%2Fwp%2Fv2%2Fmedia&parent=3290"}],"wp:term":[{"taxonomy":"category","embeddable":true,"href":"https:\/\/gycouture.com\/blogue\/index.php?rest_route=%2Fwp%2Fv2%2Fcategories&post=3290"},{"taxonomy":"post_tag","embeddable":true,"href":"https:\/\/gycouture.com\/blogue\/index.php?rest_route=%2Fwp%2Fv2%2Ftags&post=3290"}],"curies":[{"name":"wp","href":"https:\/\/api.w.org\/{rel}","templated":true}]}}