{"id":329,"date":"2023-02-06T16:05:00","date_gmt":"2023-02-06T16:05:00","guid":{"rendered":"https:\/\/gycouture.com\/blogue\/index.php\/2023\/02\/06\/guylainelab-jour-6\/"},"modified":"2023-02-06T16:05:00","modified_gmt":"2023-02-06T16:05:00","slug":"guylainelab-jour-6","status":"publish","type":"post","link":"https:\/\/gycouture.com\/blogue\/?p=329","title":{"rendered":"#guylainelab, jour 6"},"content":{"rendered":"<\/p>\n<div style=\"clear: both; text-align: center;\"><a href=\"https:\/\/blogger.googleusercontent.com\/img\/b\/R29vZ2xl\/AVvXsEhSi0okXkZZo7eezw61wT5eQY2H5RMLIfGEXFRYuUSDJ5IMYKkHfS2XgVv89rArNZm-oC2djbbxQetodxPDDR0cj970ct-41LB7HEJ44yYo00Engs04YkI3HHkMAZS_iF65UDsofBmZfucVHMO33sIE5hUJ5FKeJNX2raWnZPPJbJX1Oy8\/s800\/4_images.jpg\" style=\"clear: left; float: left; margin-bottom: 1em; margin-right: 1em;\"><img decoding=\"async\" border=\"0\" data-original-height=\"800\" data-original-width=\"800\" src=\"https:\/\/blogger.googleusercontent.com\/img\/b\/R29vZ2xl\/AVvXsEhSi0okXkZZo7eezw61wT5eQY2H5RMLIfGEXFRYuUSDJ5IMYKkHfS2XgVv89rArNZm-oC2djbbxQetodxPDDR0cj970ct-41LB7HEJ44yYo00Engs04YkI3HHkMAZS_iF65UDsofBmZfucVHMO33sIE5hUJ5FKeJNX2raWnZPPJbJX1Oy8\/s16000\/4_images.jpg\" \/><\/a><\/div>\n<p>&nbsp;<\/p>\n<p>j&rsquo;ai lanc\u00e9 le <a href=\"https:\/\/www.instagram.com\/explore\/tags\/guylainelab\/\" target=\"_blank\">#guylainelab<\/a> mercredi dernier. nous sommes au jour 6 aujourd&rsquo;hui.&nbsp;<\/p>\n<p>&nbsp;<\/p>\n<p>je viens de faire le d\u00e9compte sur instagram, si mon calcul est bon nous serions 26 personnes \u00e0 le faire et de partout sur la plan\u00e8te. un succ\u00e8s pour moi. que vous ayez du plaisir \u00e0 participer est mon but principal. vivre la cr\u00e9ativit\u00e9 au jour le jour, un petit peu \u00e0 la fois quand c&rsquo;est possible, ajoute bien du bonheur dans nos vies, une sorte de satisfaction aussi.&nbsp;<\/p>\n<p>&nbsp;<\/p>\n<p>le plaisir que j&rsquo;ai \u00e0 regarder toutes les avenues personnelles que vous avez choisies est un r\u00e9el d\u00e9lice. \u00e7a va vraiment dans tous les sens, avec toutes sortes de mati\u00e8res et de mani\u00e8res de faire.&nbsp;<\/p>\n<p>&nbsp;<\/p>\n<p>j&rsquo;ai choisi les cr\u00e9ations ci-dessus pour vous montrer la vari\u00e9t\u00e9 qu&rsquo;il est impossible de pr\u00e9senter en quatre images. abonnez-vous \u00e0 <a href=\"https:\/\/www.instagram.com\/explore\/tags\/guylainelab\/\" target=\"_blank\">#guylainelab<\/a> pour tout voir.<\/p>\n<p>&nbsp;<\/p>\n<p>c&rsquo;est ce que j&rsquo;aime particuli\u00e8rement de ce d\u00e9fi. c&rsquo;est tellement particulier pour chaque personne et en m\u00eame temps on sent un lien commun. n&rsquo;h\u00e9sitez pas \u00e0 commenter, \u00e0 encourager, \u00e0 poser des questions, c&rsquo;est le but aussi de cet exercice.&nbsp;<\/p>\n<p><\/p>\n<p>je vais commencer \u00e0 poser des questions sur votre processus. encore l\u00e0, laissez un commentaire, c&rsquo;est toujours int\u00e9ressant \u00e0 lire. toujours.<\/p>\n<p><i>&nbsp;<\/i><\/p>\n<p><b><i>go <\/i>cerveaux cr\u00e9atifs!<\/b><\/p>\n","protected":false},"excerpt":{"rendered":"<p>&nbsp; j&rsquo;ai lanc\u00e9 le #guylainelab mercredi dernier. nous sommes au jour 6 aujourd&rsquo;hui.&nbsp; &nbsp; je viens de faire le d\u00e9compte sur instagram, si mon calcul est bon nous serions 26 personnes \u00e0 le faire et de partout sur la plan\u00e8te. un succ\u00e8s pour moi. que vous ayez du plaisir \u00e0 participer est mon but principal. vivre la cr\u00e9ativit\u00e9 au jour le jour, un petit peu \u00e0 la fois quand c&rsquo;est possible, ajoute bien du bonheur dans nos vies, une sorte de satisfaction aussi.&nbsp; &nbsp; le plaisir que j&rsquo;ai \u00e0 regarder toutes les avenues personnelles que vous avez choisies est un r\u00e9el d\u00e9lice. \u00e7a va vraiment dans tous les sens, avec toutes sortes de mati\u00e8res et de mani\u00e8res de faire.&nbsp; &nbsp; j&rsquo;ai choisi les cr\u00e9ations ci-dessus pour vous montrer la vari\u00e9t\u00e9 qu&rsquo;il est impossible de pr\u00e9senter en quatre images. abonnez-vous \u00e0 #guylainelab pour tout voir. &nbsp; c&rsquo;est ce que j&rsquo;aime particuli\u00e8rement de ce d\u00e9fi. c&rsquo;est tellement particulier pour chaque personne et en m\u00eame temps on sent un lien commun. n&rsquo;h\u00e9sitez pas \u00e0 commenter, \u00e0 encourager, \u00e0 poser des questions, c&rsquo;est le but aussi de cet exercice.&nbsp; je vais commencer \u00e0 poser des questions sur votre processus. encore l\u00e0, laissez un commentaire, c&rsquo;est toujours int\u00e9ressant \u00e0 lire. toujours. &nbsp; go cerveaux cr\u00e9atifs!<\/p>\n","protected":false},"author":1,"featured_media":0,"comment_status":"open","ping_status":"open","sticky":false,"template":"","format":"standard","meta":{"footnotes":""},"categories":[6,5,3,4],"tags":[],"class_list":["post-329","post","type-post","status-publish","format-standard","hentry","category-air-du-temps","category-artistique","category-creativite","category-mes-projets"],"acf":[],"_links":{"self":[{"href":"https:\/\/gycouture.com\/blogue\/index.php?rest_route=\/wp\/v2\/posts\/329","targetHints":{"allow":["GET"]}}],"collection":[{"href":"https:\/\/gycouture.com\/blogue\/index.php?rest_route=\/wp\/v2\/posts"}],"about":[{"href":"https:\/\/gycouture.com\/blogue\/index.php?rest_route=\/wp\/v2\/types\/post"}],"author":[{"embeddable":true,"href":"https:\/\/gycouture.com\/blogue\/index.php?rest_route=\/wp\/v2\/users\/1"}],"replies":[{"embeddable":true,"href":"https:\/\/gycouture.com\/blogue\/index.php?rest_route=%2Fwp%2Fv2%2Fcomments&post=329"}],"version-history":[{"count":0,"href":"https:\/\/gycouture.com\/blogue\/index.php?rest_route=\/wp\/v2\/posts\/329\/revisions"}],"wp:attachment":[{"href":"https:\/\/gycouture.com\/blogue\/index.php?rest_route=%2Fwp%2Fv2%2Fmedia&parent=329"}],"wp:term":[{"taxonomy":"category","embeddable":true,"href":"https:\/\/gycouture.com\/blogue\/index.php?rest_route=%2Fwp%2Fv2%2Fcategories&post=329"},{"taxonomy":"post_tag","embeddable":true,"href":"https:\/\/gycouture.com\/blogue\/index.php?rest_route=%2Fwp%2Fv2%2Ftags&post=329"}],"curies":[{"name":"wp","href":"https:\/\/api.w.org\/{rel}","templated":true}]}}