{"id":3198,"date":"2007-04-17T00:20:00","date_gmt":"2007-04-17T00:20:00","guid":{"rendered":"https:\/\/gycouture.com\/blogue\/index.php\/2007\/04\/17\/creacamp-une-super-rencontre-creative\/"},"modified":"2007-04-17T00:20:00","modified_gmt":"2007-04-17T00:20:00","slug":"creacamp-une-super-rencontre-creative","status":"publish","type":"post","link":"https:\/\/gycouture.com\/blogue\/?p=3198","title":{"rendered":"creacamp : une super rencontre cr\u00e9ative"},"content":{"rendered":"<p><a href=\"https:\/\/blogger.googleusercontent.com\/img\/b\/R29vZ2xl\/AVvXsEihuvheD8IGWmSoU2jyxOo_FVRI__pmMtN2Ix1WWlwCGsR5eeUjXKWm-WvjLYoujTJ3lyIyOImbKRtOj4qHll0vkbzDY6u6ezAds3UC2pLZzyFELWrT_YkxQg87HgTpspwLank\/s1600-h\/crea.gif\"><img decoding=\"async\" style=\"display:block; margin:0px auto 10px; text-align:center;cursor:pointer; cursor:hand;\" src=\"https:\/\/blogger.googleusercontent.com\/img\/b\/R29vZ2xl\/AVvXsEihuvheD8IGWmSoU2jyxOo_FVRI__pmMtN2Ix1WWlwCGsR5eeUjXKWm-WvjLYoujTJ3lyIyOImbKRtOj4qHll0vkbzDY6u6ezAds3UC2pLZzyFELWrT_YkxQg87HgTpspwLank\/s320\/crea.gif\" border=\"0\" alt=\"\"id=\"BLOGGER_PHOTO_ID_5054185510316309138\" \/><\/a><br \/>ben voil\u00e0 que marie-chantal met sur pied quelque chose qui va \u00eatre tr\u00e8s tr\u00e8s int\u00e9ressant. un \u00ab<a href=\"http:\/\/creacamp.org\/\" target=\"_blank\">creacamp<\/a>\u00bb pour donner la parole aux filles.<\/p>\n<p>\u00ab Avec pour th\u00e8me principal la cr\u00e9ativit\u00e9 au f\u00e9minin, creacamp est une rencontre regroupant les cr\u00e9atrices DIY d\u2019ici pour que ces derni\u00e8res pr\u00e9sentent et \u00e9changent sur les projets dont elles sont \u00e0 la t\u00eate \u00bb<\/p>\n<p>inscrivez-vous sur le site ! ouvert \u00e0 toutes et \u00e0 tous. la premi\u00e8re rencontre est le 5 mai prochain.<\/p>\n","protected":false},"excerpt":{"rendered":"<p>ben voil\u00e0 que marie-chantal met sur pied quelque chose qui va \u00eatre tr\u00e8s tr\u00e8s int\u00e9ressant. un \u00abcreacamp\u00bb pour donner la parole aux filles. \u00ab Avec pour th\u00e8me principal la cr\u00e9ativit\u00e9 au f\u00e9minin, creacamp est une rencontre regroupant les cr\u00e9atrices DIY d\u2019ici pour que ces derni\u00e8res pr\u00e9sentent et \u00e9changent sur les projets dont elles sont \u00e0 la t\u00eate \u00bb inscrivez-vous sur le site ! ouvert \u00e0 toutes et \u00e0 tous. la premi\u00e8re rencontre est le 5 mai prochain.<\/p>\n","protected":false},"author":1,"featured_media":0,"comment_status":"open","ping_status":"open","sticky":false,"template":"","format":"standard","meta":{"footnotes":""},"categories":[5,3,11],"tags":[],"class_list":["post-3198","post","type-post","status-publish","format-standard","hentry","category-artistique","category-creativite","category-sorties"],"acf":[],"_links":{"self":[{"href":"https:\/\/gycouture.com\/blogue\/index.php?rest_route=\/wp\/v2\/posts\/3198","targetHints":{"allow":["GET"]}}],"collection":[{"href":"https:\/\/gycouture.com\/blogue\/index.php?rest_route=\/wp\/v2\/posts"}],"about":[{"href":"https:\/\/gycouture.com\/blogue\/index.php?rest_route=\/wp\/v2\/types\/post"}],"author":[{"embeddable":true,"href":"https:\/\/gycouture.com\/blogue\/index.php?rest_route=\/wp\/v2\/users\/1"}],"replies":[{"embeddable":true,"href":"https:\/\/gycouture.com\/blogue\/index.php?rest_route=%2Fwp%2Fv2%2Fcomments&post=3198"}],"version-history":[{"count":0,"href":"https:\/\/gycouture.com\/blogue\/index.php?rest_route=\/wp\/v2\/posts\/3198\/revisions"}],"wp:attachment":[{"href":"https:\/\/gycouture.com\/blogue\/index.php?rest_route=%2Fwp%2Fv2%2Fmedia&parent=3198"}],"wp:term":[{"taxonomy":"category","embeddable":true,"href":"https:\/\/gycouture.com\/blogue\/index.php?rest_route=%2Fwp%2Fv2%2Fcategories&post=3198"},{"taxonomy":"post_tag","embeddable":true,"href":"https:\/\/gycouture.com\/blogue\/index.php?rest_route=%2Fwp%2Fv2%2Ftags&post=3198"}],"curies":[{"name":"wp","href":"https:\/\/api.w.org\/{rel}","templated":true}]}}