{"id":3196,"date":"2007-04-20T13:40:00","date_gmt":"2007-04-20T13:40:00","guid":{"rendered":"https:\/\/gycouture.com\/blogue\/index.php\/2007\/04\/20\/5-mai-journee-du-design-a-montreal\/"},"modified":"2007-04-20T13:40:00","modified_gmt":"2007-04-20T13:40:00","slug":"5-mai-journee-du-design-a-montreal","status":"publish","type":"post","link":"https:\/\/gycouture.com\/blogue\/?p=3196","title":{"rendered":"5 mai, journ\u00e9e du design \u00e0 montr\u00e9al !"},"content":{"rendered":"<p><a href=\"https:\/\/blogger.googleusercontent.com\/img\/b\/R29vZ2xl\/AVvXsEhOwkaN6VouRF3dEI8uF09Ibmq8DJLQJcAeQ0HyJzZELzLgmNOWOMBC6hyphenhyphenkC6-JXw7UFCI6ZpSXeauO8m4jgdkVjbfC646KyQIjMhFH53FWsAmvSZ6zB6u_SDbsncBj1Uq_Bc0\/s1600-h\/journee_design.gif\"><img decoding=\"async\" style=\"float:right; margin:0 0 10px 10px;cursor:pointer; cursor:hand;\" src=\"https:\/\/blogger.googleusercontent.com\/img\/b\/R29vZ2xl\/AVvXsEhOwkaN6VouRF3dEI8uF09Ibmq8DJLQJcAeQ0HyJzZELzLgmNOWOMBC6hyphenhyphenkC6-JXw7UFCI6ZpSXeauO8m4jgdkVjbfC646KyQIjMhFH53FWsAmvSZ6zB6u_SDbsncBj1Uq_Bc0\/s320\/journee_design.gif\" border=\"0\" alt=\"\"id=\"BLOGGER_PHOTO_ID_5055504293163787538\" \/><\/a>me voil\u00e0 tiraill\u00e9e par deux activit\u00e9s hyper stimulantes cr\u00e9ativement.<\/p>\n<p>d&rsquo;un cot\u00e9, la journ\u00e9e <a href=\"http:\/\/creacamp.org\/\" target=\"_blank\">creacamp<\/a> sur la cr\u00e9ativit\u00e9 au f\u00e9minin et de l&rsquo;autre, (enfin!) une <a href=\"http:\/\/ville.montreal.qc.ca\/portal\/page?_pageid=4236,5212090&amp;_dad=portal&amp;_schema=PORTAL\" target=\"_blank\">journ\u00e9e portes ouvertes<\/a> sur \u00able design, c&rsquo;est sympathique!\u00bb \u00e0 montr\u00e9al.<\/p>\n<p>je viens d&rsquo;en parcourir la programmation et j&rsquo;avoue, il y aura des choses \u00e0 voir! <br \/>pour chaque quartier, on propose des circuits permettant de voir des projets forts en architecture et design urbain, en am\u00e9nagement paysag\u00e9, en design d&rsquo;int\u00e9rieur, en design graphique, en design de mode et en design urbain. <\/p>\n<p>Une bien belle initiative pour que l&rsquo;on ressente un peu plus que designmontr\u00e9al soit \u00abville unesco du design\u00bb !<\/p>\n","protected":false},"excerpt":{"rendered":"<p>me voil\u00e0 tiraill\u00e9e par deux activit\u00e9s hyper stimulantes cr\u00e9ativement. d&rsquo;un cot\u00e9, la journ\u00e9e creacamp sur la cr\u00e9ativit\u00e9 au f\u00e9minin et de l&rsquo;autre, (enfin!) une journ\u00e9e portes ouvertes sur \u00able design, c&rsquo;est sympathique!\u00bb \u00e0 montr\u00e9al. je viens d&rsquo;en parcourir la programmation et j&rsquo;avoue, il y aura des choses \u00e0 voir! pour chaque quartier, on propose des circuits permettant de voir des projets forts en architecture et design urbain, en am\u00e9nagement paysag\u00e9, en design d&rsquo;int\u00e9rieur, en design graphique, en design de mode et en design urbain. Une bien belle initiative pour que l&rsquo;on ressente un peu plus que designmontr\u00e9al soit \u00abville unesco du design\u00bb !<\/p>\n","protected":false},"author":1,"featured_media":0,"comment_status":"open","ping_status":"open","sticky":false,"template":"","format":"standard","meta":{"footnotes":""},"categories":[5,3,13,11],"tags":[],"class_list":["post-3196","post","type-post","status-publish","format-standard","hentry","category-artistique","category-creativite","category-graphisme-typographie","category-sorties"],"acf":[],"_links":{"self":[{"href":"https:\/\/gycouture.com\/blogue\/index.php?rest_route=\/wp\/v2\/posts\/3196","targetHints":{"allow":["GET"]}}],"collection":[{"href":"https:\/\/gycouture.com\/blogue\/index.php?rest_route=\/wp\/v2\/posts"}],"about":[{"href":"https:\/\/gycouture.com\/blogue\/index.php?rest_route=\/wp\/v2\/types\/post"}],"author":[{"embeddable":true,"href":"https:\/\/gycouture.com\/blogue\/index.php?rest_route=\/wp\/v2\/users\/1"}],"replies":[{"embeddable":true,"href":"https:\/\/gycouture.com\/blogue\/index.php?rest_route=%2Fwp%2Fv2%2Fcomments&post=3196"}],"version-history":[{"count":0,"href":"https:\/\/gycouture.com\/blogue\/index.php?rest_route=\/wp\/v2\/posts\/3196\/revisions"}],"wp:attachment":[{"href":"https:\/\/gycouture.com\/blogue\/index.php?rest_route=%2Fwp%2Fv2%2Fmedia&parent=3196"}],"wp:term":[{"taxonomy":"category","embeddable":true,"href":"https:\/\/gycouture.com\/blogue\/index.php?rest_route=%2Fwp%2Fv2%2Fcategories&post=3196"},{"taxonomy":"post_tag","embeddable":true,"href":"https:\/\/gycouture.com\/blogue\/index.php?rest_route=%2Fwp%2Fv2%2Ftags&post=3196"}],"curies":[{"name":"wp","href":"https:\/\/api.w.org\/{rel}","templated":true}]}}