{"id":3088,"date":"2007-11-20T23:00:00","date_gmt":"2007-11-20T23:00:00","guid":{"rendered":"https:\/\/gycouture.com\/blogue\/index.php\/2007\/11\/20\/feuillete-samedi-dernier\/"},"modified":"2007-11-20T23:00:00","modified_gmt":"2007-11-20T23:00:00","slug":"feuillete-samedi-dernier","status":"publish","type":"post","link":"https:\/\/gycouture.com\/blogue\/?p=3088","title":{"rendered":"feuillet\u00e9 samedi dernier&#8230;"},"content":{"rendered":"<p><a href=\"https:\/\/blogger.googleusercontent.com\/img\/b\/R29vZ2xl\/AVvXsEg6MsgsUOANE05B0r8fYuXyhSdcHSW0Wh8jJlYZA-b7OjFNLUrjT2CiIOGkcQ-b9et6kX17J9zfNmY4_xohIYym383lZcfLO9dlab_LqrsTIXq4wIrfLl7qxXpsXUT39MtRouw\/s1600-h\/12mois.jpg\"><img decoding=\"async\" style=\"display:block; margin:0px auto 10px; text-align:center;cursor:pointer; cursor:hand;\" src=\"https:\/\/blogger.googleusercontent.com\/img\/b\/R29vZ2xl\/AVvXsEg6MsgsUOANE05B0r8fYuXyhSdcHSW0Wh8jJlYZA-b7OjFNLUrjT2CiIOGkcQ-b9et6kX17J9zfNmY4_xohIYym383lZcfLO9dlab_LqrsTIXq4wIrfLl7qxXpsXUT39MtRouw\/s400\/12mois.jpg\" border=\"0\" alt=\"\"id=\"BLOGGER_PHOTO_ID_5134220763076298690\" \/><\/a>feuillet\u00e9 en vitesse samedi, \u00e0 ma libraire pr\u00e9f\u00e9r\u00e9e de montr\u00e9al (l&rsquo;\u00e9cume des jours, sur st-viateur), le dernier livre de <a href=\"http:\/\/www.catherinelepage.com\/\" target=\"_blank\">catherine lepage<\/a> \u00ab12 mois sans int\u00e9r\u00eat\u00bb sur la d\u00e9pression. elle est illustratrice et vit \u00e0 qu\u00e9bec. elle a \u00e9crit le livre, con\u00e7u les illustrations et fait la mise en pages. tr\u00e8s beau et tr\u00e8s touchant, sans parler du ton tr\u00e8s personnel que l&rsquo;on retrouve \u00e0 toutes les pages.<br \/>pour en savoir plus, <a href=\"http:\/\/www.grafika.com\/article.aspx?id=24431\" target=\"_blank\">grafika en parlait ici<\/a>.<\/p>\n","protected":false},"excerpt":{"rendered":"<p>feuillet\u00e9 en vitesse samedi, \u00e0 ma libraire pr\u00e9f\u00e9r\u00e9e de montr\u00e9al (l&rsquo;\u00e9cume des jours, sur st-viateur), le dernier livre de catherine lepage \u00ab12 mois sans int\u00e9r\u00eat\u00bb sur la d\u00e9pression. elle est illustratrice et vit \u00e0 qu\u00e9bec. elle a \u00e9crit le livre, con\u00e7u les illustrations et fait la mise en pages. tr\u00e8s beau et tr\u00e8s touchant, sans parler du ton tr\u00e8s personnel que l&rsquo;on retrouve \u00e0 toutes les pages.pour en savoir plus, grafika en parlait ici.<\/p>\n","protected":false},"author":1,"featured_media":0,"comment_status":"open","ping_status":"open","sticky":false,"template":"","format":"standard","meta":{"footnotes":""},"categories":[6,5,7],"tags":[],"class_list":["post-3088","post","type-post","status-publish","format-standard","hentry","category-air-du-temps","category-artistique","category-livres"],"acf":[],"_links":{"self":[{"href":"https:\/\/gycouture.com\/blogue\/index.php?rest_route=\/wp\/v2\/posts\/3088","targetHints":{"allow":["GET"]}}],"collection":[{"href":"https:\/\/gycouture.com\/blogue\/index.php?rest_route=\/wp\/v2\/posts"}],"about":[{"href":"https:\/\/gycouture.com\/blogue\/index.php?rest_route=\/wp\/v2\/types\/post"}],"author":[{"embeddable":true,"href":"https:\/\/gycouture.com\/blogue\/index.php?rest_route=\/wp\/v2\/users\/1"}],"replies":[{"embeddable":true,"href":"https:\/\/gycouture.com\/blogue\/index.php?rest_route=%2Fwp%2Fv2%2Fcomments&post=3088"}],"version-history":[{"count":0,"href":"https:\/\/gycouture.com\/blogue\/index.php?rest_route=\/wp\/v2\/posts\/3088\/revisions"}],"wp:attachment":[{"href":"https:\/\/gycouture.com\/blogue\/index.php?rest_route=%2Fwp%2Fv2%2Fmedia&parent=3088"}],"wp:term":[{"taxonomy":"category","embeddable":true,"href":"https:\/\/gycouture.com\/blogue\/index.php?rest_route=%2Fwp%2Fv2%2Fcategories&post=3088"},{"taxonomy":"post_tag","embeddable":true,"href":"https:\/\/gycouture.com\/blogue\/index.php?rest_route=%2Fwp%2Fv2%2Ftags&post=3088"}],"curies":[{"name":"wp","href":"https:\/\/api.w.org\/{rel}","templated":true}]}}