{"id":3081,"date":"2007-12-01T12:07:00","date_gmt":"2007-12-01T12:07:00","guid":{"rendered":"https:\/\/gycouture.com\/blogue\/index.php\/2007\/12\/01\/histoire-de-design-a-luqam\/"},"modified":"2007-12-01T12:07:00","modified_gmt":"2007-12-01T12:07:00","slug":"histoire-de-design-a-luqam","status":"publish","type":"post","link":"https:\/\/gycouture.com\/blogue\/?p=3081","title":{"rendered":"histoire de design \u00e0 l&rsquo;uqam"},"content":{"rendered":"<p><a href=\"https:\/\/blogger.googleusercontent.com\/img\/b\/R29vZ2xl\/AVvXsEgJTytIkayJ4Ax7BPWudyd8wXNGtgJBJXd7RYBARonosdVrUhzWT_CY6v_Q7JseMoR_nFeLTD4AUFJVRLw_fpcsLN43trV0dH9Zpug1y0FIsN3DAAunX21q27kWxNCkP49tfhk\/s1600-r\/uqam_design.jpg\"><img decoding=\"async\" style=\"display:block; margin:0px auto 10px; text-align:center;cursor:pointer; cursor:hand;\" src=\"https:\/\/blogger.googleusercontent.com\/img\/b\/R29vZ2xl\/AVvXsEifSJQexwu30fbJH2O0dZUDPMJvVOEhKgRrzHnvKiG_bp-xjRH4F3AWU0W3GcGw_2uNs7XD54x9B2tTokb_X-7zYahUdU-IZBl8O-cM1N3i8ZJqenDJK3uSizVId_Rw9veWjIM\/s400\/uqam_design.jpg\" border=\"0\" alt=\"\"id=\"BLOGGER_PHOTO_ID_5139438384691889218\" \/><\/a><br \/>\u00e0 visiter absolument, l&rsquo;exposition sur le design qu\u00e9b\u00e9cois, des ann\u00e9es 30 \u00e0 nos jours. j&rsquo;y vais cette semaine.<br \/>tr\u00e8s bon texte d&#8217;emmanuelle viera dans le journal le devoir du samedi 24 novembre.<br \/>il y a peu de chose sur le design qu\u00e9b\u00e9cois au sens large et \u00e0 chaque fois, \u00e7a vient de l&rsquo;uqam. heureusement pour nous que quelqu&rsquo;un s&rsquo;en occupe quelque part&#8230;<\/p>\n<p>tir\u00e9 de l&rsquo;article : <br \/>\u00abLe design, c&rsquo;est l&rsquo;art de la vie qui s&rsquo;inscrit dans une dimension quotidienne, explique John R. Porter, directeur du Mus\u00e9e national des beaux-arts du Qu\u00e9bec, et c&rsquo;est ce qui le rend particuli\u00e8rement attachant et accessible. Je compare souvent le cheminement du design qu\u00e9b\u00e9cois \u00e0 celui de l&rsquo;art qu\u00e9b\u00e9cois. Au d\u00e9part, le design d&rsquo;ici a \u00e9t\u00e9 tr\u00e8s influenc\u00e9 par l&rsquo;ext\u00e9rieur, et plus on avan\u00e7ait dans le temps, moins cette influence se faisait sentir. Aujourd&rsquo;hui, certaines disciplines du design qu\u00e9b\u00e9cois sont devenues de v\u00e9ritables moteurs, capables de rayonner sur l&rsquo;ext\u00e9rieur. Constructeur d&rsquo;identit\u00e9, le design d&rsquo;ici illumine notre quotidien, il nous ressemble et nous rassemble, mais avant tout, il sert \u00e0 embellir nos vies\u00bb, dit-il. <\/p>\n<p><a href=\"http:\/\/www.ledevoir.com\/2007\/11\/24\/165787.html\" target=\"_blank\">lire tout l&rsquo;article<\/a><\/p>\n<p>au <a href=\"http:\/\/www.centrededesign.com\/centre.html\" target=\"_blank\">centre de design<\/a> jusqu&rsquo;au 16 d\u00e9cembre et c&rsquo;est gratuit!<\/p>\n","protected":false},"excerpt":{"rendered":"<p>\u00e0 visiter absolument, l&rsquo;exposition sur le design qu\u00e9b\u00e9cois, des ann\u00e9es 30 \u00e0 nos jours. j&rsquo;y vais cette semaine.tr\u00e8s bon texte d&#8217;emmanuelle viera dans le journal le devoir du samedi 24 novembre.il y a peu de chose sur le design qu\u00e9b\u00e9cois au sens large et \u00e0 chaque fois, \u00e7a vient de l&rsquo;uqam. heureusement pour nous que quelqu&rsquo;un s&rsquo;en occupe quelque part&#8230; tir\u00e9 de l&rsquo;article : \u00abLe design, c&rsquo;est l&rsquo;art de la vie qui s&rsquo;inscrit dans une dimension quotidienne, explique John R. Porter, directeur du Mus\u00e9e national des beaux-arts du Qu\u00e9bec, et c&rsquo;est ce qui le rend particuli\u00e8rement attachant et accessible. Je compare souvent le cheminement du design qu\u00e9b\u00e9cois \u00e0 celui de l&rsquo;art qu\u00e9b\u00e9cois. Au d\u00e9part, le design d&rsquo;ici a \u00e9t\u00e9 tr\u00e8s influenc\u00e9 par l&rsquo;ext\u00e9rieur, et plus on avan\u00e7ait dans le temps, moins cette influence se faisait sentir. Aujourd&rsquo;hui, certaines disciplines du design qu\u00e9b\u00e9cois sont devenues de v\u00e9ritables moteurs, capables de rayonner sur l&rsquo;ext\u00e9rieur. Constructeur d&rsquo;identit\u00e9, le design d&rsquo;ici illumine notre quotidien, il nous ressemble et nous rassemble, mais avant tout, il sert \u00e0 embellir nos vies\u00bb, dit-il. lire tout l&rsquo;article au centre de design jusqu&rsquo;au 16 d\u00e9cembre et c&rsquo;est gratuit!<\/p>\n","protected":false},"author":1,"featured_media":0,"comment_status":"open","ping_status":"open","sticky":false,"template":"","format":"standard","meta":{"footnotes":""},"categories":[6,13,11],"tags":[],"class_list":["post-3081","post","type-post","status-publish","format-standard","hentry","category-air-du-temps","category-graphisme-typographie","category-sorties"],"acf":[],"_links":{"self":[{"href":"https:\/\/gycouture.com\/blogue\/index.php?rest_route=\/wp\/v2\/posts\/3081","targetHints":{"allow":["GET"]}}],"collection":[{"href":"https:\/\/gycouture.com\/blogue\/index.php?rest_route=\/wp\/v2\/posts"}],"about":[{"href":"https:\/\/gycouture.com\/blogue\/index.php?rest_route=\/wp\/v2\/types\/post"}],"author":[{"embeddable":true,"href":"https:\/\/gycouture.com\/blogue\/index.php?rest_route=\/wp\/v2\/users\/1"}],"replies":[{"embeddable":true,"href":"https:\/\/gycouture.com\/blogue\/index.php?rest_route=%2Fwp%2Fv2%2Fcomments&post=3081"}],"version-history":[{"count":0,"href":"https:\/\/gycouture.com\/blogue\/index.php?rest_route=\/wp\/v2\/posts\/3081\/revisions"}],"wp:attachment":[{"href":"https:\/\/gycouture.com\/blogue\/index.php?rest_route=%2Fwp%2Fv2%2Fmedia&parent=3081"}],"wp:term":[{"taxonomy":"category","embeddable":true,"href":"https:\/\/gycouture.com\/blogue\/index.php?rest_route=%2Fwp%2Fv2%2Fcategories&post=3081"},{"taxonomy":"post_tag","embeddable":true,"href":"https:\/\/gycouture.com\/blogue\/index.php?rest_route=%2Fwp%2Fv2%2Ftags&post=3081"}],"curies":[{"name":"wp","href":"https:\/\/api.w.org\/{rel}","templated":true}]}}