{"id":3080,"date":"2007-12-03T01:51:00","date_gmt":"2007-12-03T01:51:00","guid":{"rendered":"https:\/\/gycouture.com\/blogue\/index.php\/2007\/12\/03\/voir-un-carnet-de-francois-vincent\/"},"modified":"2007-12-03T01:51:00","modified_gmt":"2007-12-03T01:51:00","slug":"voir-un-carnet-de-francois-vincent","status":"publish","type":"post","link":"https:\/\/gycouture.com\/blogue\/?p=3080","title":{"rendered":"voir un carnet de fran\u00e7ois vincent"},"content":{"rendered":"<p><a href=\"https:\/\/blogger.googleusercontent.com\/img\/b\/R29vZ2xl\/AVvXsEjPWEOY0WsBz1qC7QDfwWpGzxH0P4AsuLwiR_g8DHxQP5sA6nanxb7whnQPc6DaKkxVy80JFN9Esgv-pXgZirGxgjuB6n9GyN0oWgNS8nZoWDkjfV1iWPqGEQTWYqY69XCyy48\/s1600-r\/vincent.jpg\"><img decoding=\"async\" style=\"display:block; margin:0px auto 10px; text-align:center;cursor:pointer; cursor:hand;\" src=\"https:\/\/blogger.googleusercontent.com\/img\/b\/R29vZ2xl\/AVvXsEioaH_DKmoS3DTa_XvWpHSix6f_v_X4h4CLao3hyxUOpJF_xbooCnF_EbAkKLWTRBGk2q6DvRk_cg_gzj8HoiXKOQ4z4-4MKUAxrAeunkTDCX2GqQm9I-bAXYeXTtmqsowmbDk\/s400\/vincent.jpg\" border=\"0\" alt=\"\"id=\"BLOGGER_PHOTO_ID_5139563741902357586\" \/><\/a><br \/>aujourd&rsquo;hui, j&rsquo;ai visit\u00e9 l&rsquo;expo de fran\u00e7ois vincent \u00e0 l&rsquo;<a href=\"http:\/\/lotoquebec.com\/corporatif\/nav\/evenements-commandites\/espace-creation\" target=\"_blank\">espace cr\u00e9ation<\/a> dans l&rsquo;\u00e9difice de lotoqu\u00e9bec, rue sherbrooke. une exposition \u00abmise en sc\u00e8ne\u00bb. j&rsquo;y allais pour ses carnets, parce qu&rsquo;il en avait beaucoup parl\u00e9 en <a href=\"http:\/\/camanqueamaculture.telequebec.tv\/capsule.php?id=402\" target=\"_blank\">entrevue<\/a>. <\/p>\n<p>int\u00e9ressant cette fa\u00e7on de monter l&rsquo;expo pour nous mener vers ce lieu au fond de la salle. on avance vers l&rsquo;aspect plus personnel du travail de fran\u00e7ois vincent. on regarde son carnet d\u00e9filer sur un dvd dans un lieu quasiment clos. <\/p>\n<p>dommage qu&rsquo;on ne puisse voir qu&rsquo;un montage de 15 minutes sur le sujet. pour avoir aper\u00e7u ses carnets dans un autre reportage t\u00e9l\u00e9 l&rsquo;an pass\u00e9, il me semble qu&rsquo;on aurait pu installer une couple de lieux pour nous permettre dans voir plus. <\/p>\n<p>de toute fa\u00e7on, c&rsquo;est \u00e0 voir pour la richesse de ses jeux de couleurs. beaucoup de le\u00e7ons \u00e0 tirer de son travail.<\/p>\n<p>l&rsquo;extra, c&rsquo;est le petit livret que l&rsquo;on peut garder en souvenir juste avant d&rsquo;entrer dans l&rsquo;espace destin\u00e9 au visionnement. un petit carnet en noir et blanc avec quelques pages de dessins et une entrevue.<\/p>\n","protected":false},"excerpt":{"rendered":"<p>aujourd&rsquo;hui, j&rsquo;ai visit\u00e9 l&rsquo;expo de fran\u00e7ois vincent \u00e0 l&rsquo;espace cr\u00e9ation dans l&rsquo;\u00e9difice de lotoqu\u00e9bec, rue sherbrooke. une exposition \u00abmise en sc\u00e8ne\u00bb. j&rsquo;y allais pour ses carnets, parce qu&rsquo;il en avait beaucoup parl\u00e9 en entrevue. int\u00e9ressant cette fa\u00e7on de monter l&rsquo;expo pour nous mener vers ce lieu au fond de la salle. on avance vers l&rsquo;aspect plus personnel du travail de fran\u00e7ois vincent. on regarde son carnet d\u00e9filer sur un dvd dans un lieu quasiment clos. dommage qu&rsquo;on ne puisse voir qu&rsquo;un montage de 15 minutes sur le sujet. pour avoir aper\u00e7u ses carnets dans un autre reportage t\u00e9l\u00e9 l&rsquo;an pass\u00e9, il me semble qu&rsquo;on aurait pu installer une couple de lieux pour nous permettre dans voir plus. de toute fa\u00e7on, c&rsquo;est \u00e0 voir pour la richesse de ses jeux de couleurs. beaucoup de le\u00e7ons \u00e0 tirer de son travail. l&rsquo;extra, c&rsquo;est le petit livret que l&rsquo;on peut garder en souvenir juste avant d&rsquo;entrer dans l&rsquo;espace destin\u00e9 au visionnement. un petit carnet en noir et blanc avec quelques pages de dessins et une entrevue.<\/p>\n","protected":false},"author":1,"featured_media":0,"comment_status":"open","ping_status":"open","sticky":false,"template":"","format":"standard","meta":{"footnotes":""},"categories":[5,11],"tags":[],"class_list":["post-3080","post","type-post","status-publish","format-standard","hentry","category-artistique","category-sorties"],"acf":[],"_links":{"self":[{"href":"https:\/\/gycouture.com\/blogue\/index.php?rest_route=\/wp\/v2\/posts\/3080","targetHints":{"allow":["GET"]}}],"collection":[{"href":"https:\/\/gycouture.com\/blogue\/index.php?rest_route=\/wp\/v2\/posts"}],"about":[{"href":"https:\/\/gycouture.com\/blogue\/index.php?rest_route=\/wp\/v2\/types\/post"}],"author":[{"embeddable":true,"href":"https:\/\/gycouture.com\/blogue\/index.php?rest_route=\/wp\/v2\/users\/1"}],"replies":[{"embeddable":true,"href":"https:\/\/gycouture.com\/blogue\/index.php?rest_route=%2Fwp%2Fv2%2Fcomments&post=3080"}],"version-history":[{"count":0,"href":"https:\/\/gycouture.com\/blogue\/index.php?rest_route=\/wp\/v2\/posts\/3080\/revisions"}],"wp:attachment":[{"href":"https:\/\/gycouture.com\/blogue\/index.php?rest_route=%2Fwp%2Fv2%2Fmedia&parent=3080"}],"wp:term":[{"taxonomy":"category","embeddable":true,"href":"https:\/\/gycouture.com\/blogue\/index.php?rest_route=%2Fwp%2Fv2%2Fcategories&post=3080"},{"taxonomy":"post_tag","embeddable":true,"href":"https:\/\/gycouture.com\/blogue\/index.php?rest_route=%2Fwp%2Fv2%2Ftags&post=3080"}],"curies":[{"name":"wp","href":"https:\/\/api.w.org\/{rel}","templated":true}]}}