{"id":3077,"date":"2007-12-07T08:28:00","date_gmt":"2007-12-07T08:28:00","guid":{"rendered":"https:\/\/gycouture.com\/blogue\/index.php\/2007\/12\/07\/les-salons-du-week-end-prochains\/"},"modified":"2007-12-07T08:28:00","modified_gmt":"2007-12-07T08:28:00","slug":"les-salons-du-week-end-prochains","status":"publish","type":"post","link":"https:\/\/gycouture.com\/blogue\/?p=3077","title":{"rendered":"les salons du week-end prochains"},"content":{"rendered":"<p><a href=\"https:\/\/blogger.googleusercontent.com\/img\/b\/R29vZ2xl\/AVvXsEjZobqxvQlsx2dnK9frxXitmXwtZ2CwFsLByrgvvmERXnuFS8Un36n0um2yETDPVUFOfBbWLj89CrCS6M0ZPUSh9eLIFXjE9r4lJjn3dD9EhbnUaYOGM1dAtLudbb5KOv3habY\/s1600-h\/salons.jpg\"><img decoding=\"async\" style=\"float:right; margin:0 0 10px 10px;cursor:pointer; cursor:hand;\" src=\"https:\/\/blogger.googleusercontent.com\/img\/b\/R29vZ2xl\/AVvXsEjZobqxvQlsx2dnK9frxXitmXwtZ2CwFsLByrgvvmERXnuFS8Un36n0um2yETDPVUFOfBbWLj89CrCS6M0ZPUSh9eLIFXjE9r4lJjn3dD9EhbnUaYOGM1dAtLudbb5KOv3habY\/s400\/salons.jpg\" border=\"0\" alt=\"\"id=\"BLOGGER_PHOTO_ID_5141330377915319442\" \/><\/a>\u00e0 noter dans votre agenda : quelques salons suppl\u00e9mentaires pour voir ce qui se fait en design \u00abfait main\u00bb \u00e0 montr\u00e9al ou dans les environs.<br \/>il est toujours tr\u00e8s int\u00e9ressant de voir la profusion de bonnes id\u00e9es qui deviennent de petites entreprises.<br \/>\u00e0 encourager absolument.<br \/>il y a d&rsquo;abord le d\u00e9sormais connu \u00ab<a href=\"http:\/\/souk.sat.qc.ca\/\" target=\"_blank\">souk \u00e0 la sat<\/a>\u00bb. information sur le site.<\/p>\n<p>et en remplacement du rusty plum, il y aura cette ann\u00e9e (et pour les prochaines ann\u00e9es aussi, je l&rsquo;esp\u00e8re) hot cakes craft fair. <br \/>du 14 au 16 d\u00e9cembre, dans le sous-sol de l&rsquo;\u00e9glise Saint-Enfant-J\u00e9sus, 5039 St. Dominique (m\u00eame emplacement qu&rsquo;expozine)<br \/>les heures sont pour le 14, de 12-8h \u2022 le 15, de 11-6h \u2022 le 16 de11-5h.<br \/>merci marie-pier<\/p>\n","protected":false},"excerpt":{"rendered":"<p>\u00e0 noter dans votre agenda : quelques salons suppl\u00e9mentaires pour voir ce qui se fait en design \u00abfait main\u00bb \u00e0 montr\u00e9al ou dans les environs.il est toujours tr\u00e8s int\u00e9ressant de voir la profusion de bonnes id\u00e9es qui deviennent de petites entreprises.\u00e0 encourager absolument.il y a d&rsquo;abord le d\u00e9sormais connu \u00absouk \u00e0 la sat\u00bb. information sur le site. et en remplacement du rusty plum, il y aura cette ann\u00e9e (et pour les prochaines ann\u00e9es aussi, je l&rsquo;esp\u00e8re) hot cakes craft fair. du 14 au 16 d\u00e9cembre, dans le sous-sol de l&rsquo;\u00e9glise Saint-Enfant-J\u00e9sus, 5039 St. Dominique (m\u00eame emplacement qu&rsquo;expozine)les heures sont pour le 14, de 12-8h \u2022 le 15, de 11-6h \u2022 le 16 de11-5h.merci marie-pier<\/p>\n","protected":false},"author":1,"featured_media":0,"comment_status":"open","ping_status":"open","sticky":false,"template":"","format":"standard","meta":{"footnotes":""},"categories":[6,5,3,8,11],"tags":[],"class_list":["post-3077","post","type-post","status-publish","format-standard","hentry","category-air-du-temps","category-artistique","category-creativite","category-curiosite","category-sorties"],"acf":[],"_links":{"self":[{"href":"https:\/\/gycouture.com\/blogue\/index.php?rest_route=\/wp\/v2\/posts\/3077","targetHints":{"allow":["GET"]}}],"collection":[{"href":"https:\/\/gycouture.com\/blogue\/index.php?rest_route=\/wp\/v2\/posts"}],"about":[{"href":"https:\/\/gycouture.com\/blogue\/index.php?rest_route=\/wp\/v2\/types\/post"}],"author":[{"embeddable":true,"href":"https:\/\/gycouture.com\/blogue\/index.php?rest_route=\/wp\/v2\/users\/1"}],"replies":[{"embeddable":true,"href":"https:\/\/gycouture.com\/blogue\/index.php?rest_route=%2Fwp%2Fv2%2Fcomments&post=3077"}],"version-history":[{"count":0,"href":"https:\/\/gycouture.com\/blogue\/index.php?rest_route=\/wp\/v2\/posts\/3077\/revisions"}],"wp:attachment":[{"href":"https:\/\/gycouture.com\/blogue\/index.php?rest_route=%2Fwp%2Fv2%2Fmedia&parent=3077"}],"wp:term":[{"taxonomy":"category","embeddable":true,"href":"https:\/\/gycouture.com\/blogue\/index.php?rest_route=%2Fwp%2Fv2%2Fcategories&post=3077"},{"taxonomy":"post_tag","embeddable":true,"href":"https:\/\/gycouture.com\/blogue\/index.php?rest_route=%2Fwp%2Fv2%2Ftags&post=3077"}],"curies":[{"name":"wp","href":"https:\/\/api.w.org\/{rel}","templated":true}]}}