{"id":2982,"date":"2008-04-23T14:24:00","date_gmt":"2008-04-23T14:24:00","guid":{"rendered":"https:\/\/gycouture.com\/blogue\/index.php\/2008\/04\/23\/creacamp-du-3-mai\/"},"modified":"2008-04-23T14:24:00","modified_gmt":"2008-04-23T14:24:00","slug":"creacamp-du-3-mai","status":"publish","type":"post","link":"https:\/\/gycouture.com\/blogue\/?p=2982","title":{"rendered":"creacamp du 3 mai"},"content":{"rendered":"<p><a href=\"https:\/\/blogger.googleusercontent.com\/img\/b\/R29vZ2xl\/AVvXsEhnF7C3vnJty5Yc9q2m9_p9ieD9WxY9p7_y4mt7QSbebxiQN24Hji_etQ70LlCp0yLzia_oVUfTlpOPZxidFJjZYaItukQ_x_3PfSJFMm6a0R4JrJ5exULevMn2MgE0HIVg5M0\/s1600-h\/creacamp_3.jpg\"><img decoding=\"async\" style=\"display:block; margin:0px auto 10px; text-align:center;cursor:pointer; cursor:hand;\" src=\"https:\/\/blogger.googleusercontent.com\/img\/b\/R29vZ2xl\/AVvXsEhnF7C3vnJty5Yc9q2m9_p9ieD9WxY9p7_y4mt7QSbebxiQN24Hji_etQ70LlCp0yLzia_oVUfTlpOPZxidFJjZYaItukQ_x_3PfSJFMm6a0R4JrJ5exULevMn2MgE0HIVg5M0\/s400\/creacamp_3.jpg\" border=\"0\" alt=\"\"id=\"BLOGGER_PHOTO_ID_5192446295090950194\" \/><\/a><br \/>\u00e9v\u00e9nement \u00e0 suivre \u2014 le creacamp du printemps, celui du 3 mai prochain. <\/p>\n<p>elles seront trois conf\u00e9renci\u00e8res \u00e0 partager avec nous leur processus cr\u00e9atif (courtes conf\u00e9rences avec p\u00e9riode de questions); des pr\u00e9sentations blitz et une table ronde sur la diffusion de projets cr\u00e9atifs. <\/p>\n<p>\u2022 <a href=\"http:\/\/mcturgeon.com\/blog\/2008\/04\/20\/presentatrices-creacamp-du-3-mai\/\" target=\"_blank\">tous les d\u00e9tails sont disponibles ici<\/a> !<\/p>\n<p>un must dans votre agenda de cr\u00e9ative et cr\u00e9atif.<\/p>\n","protected":false},"excerpt":{"rendered":"<p>\u00e9v\u00e9nement \u00e0 suivre \u2014 le creacamp du printemps, celui du 3 mai prochain. elles seront trois conf\u00e9renci\u00e8res \u00e0 partager avec nous leur processus cr\u00e9atif (courtes conf\u00e9rences avec p\u00e9riode de questions); des pr\u00e9sentations blitz et une table ronde sur la diffusion de projets cr\u00e9atifs. \u2022 tous les d\u00e9tails sont disponibles ici ! un must dans votre agenda de cr\u00e9ative et cr\u00e9atif.<\/p>\n","protected":false},"author":1,"featured_media":0,"comment_status":"open","ping_status":"open","sticky":false,"template":"","format":"standard","meta":{"footnotes":""},"categories":[6,5,3,11,9],"tags":[],"class_list":["post-2982","post","type-post","status-publish","format-standard","hentry","category-air-du-temps","category-artistique","category-creativite","category-sorties","category-sourire"],"acf":[],"_links":{"self":[{"href":"https:\/\/gycouture.com\/blogue\/index.php?rest_route=\/wp\/v2\/posts\/2982","targetHints":{"allow":["GET"]}}],"collection":[{"href":"https:\/\/gycouture.com\/blogue\/index.php?rest_route=\/wp\/v2\/posts"}],"about":[{"href":"https:\/\/gycouture.com\/blogue\/index.php?rest_route=\/wp\/v2\/types\/post"}],"author":[{"embeddable":true,"href":"https:\/\/gycouture.com\/blogue\/index.php?rest_route=\/wp\/v2\/users\/1"}],"replies":[{"embeddable":true,"href":"https:\/\/gycouture.com\/blogue\/index.php?rest_route=%2Fwp%2Fv2%2Fcomments&post=2982"}],"version-history":[{"count":0,"href":"https:\/\/gycouture.com\/blogue\/index.php?rest_route=\/wp\/v2\/posts\/2982\/revisions"}],"wp:attachment":[{"href":"https:\/\/gycouture.com\/blogue\/index.php?rest_route=%2Fwp%2Fv2%2Fmedia&parent=2982"}],"wp:term":[{"taxonomy":"category","embeddable":true,"href":"https:\/\/gycouture.com\/blogue\/index.php?rest_route=%2Fwp%2Fv2%2Fcategories&post=2982"},{"taxonomy":"post_tag","embeddable":true,"href":"https:\/\/gycouture.com\/blogue\/index.php?rest_route=%2Fwp%2Fv2%2Ftags&post=2982"}],"curies":[{"name":"wp","href":"https:\/\/api.w.org\/{rel}","templated":true}]}}