{"id":2971,"date":"2008-05-10T13:40:00","date_gmt":"2008-05-10T13:40:00","guid":{"rendered":"https:\/\/gycouture.com\/blogue\/index.php\/2008\/05\/10\/lexpo-le-livre-oeuvre-dart-prolongee\/"},"modified":"2008-05-10T13:40:00","modified_gmt":"2008-05-10T13:40:00","slug":"lexpo-le-livre-oeuvre-dart-prolongee","status":"publish","type":"post","link":"https:\/\/gycouture.com\/blogue\/?p=2971","title":{"rendered":"l&rsquo;expo \u00able livre : oeuvre d&rsquo;art\u00bb prolong\u00e9e"},"content":{"rendered":"<p><a href=\"https:\/\/blogger.googleusercontent.com\/img\/b\/R29vZ2xl\/AVvXsEheDO6MT3hbfgXIARDJGkQvNdwew1Zu4GlgJjjF8TzLmyoNn-KEYrK1KPr4BW6zfRezIY5qK-_B6AbBE_ShAFrnCXPGsCzYayvShjl58Sbk77Or8et5hgfNaMCL8eSufvcY2qQ\/s1600-h\/expo_livre.jpg\"><img decoding=\"async\" style=\"display:block; margin:0px auto 10px; text-align:center;cursor:pointer; cursor:hand;\" src=\"https:\/\/blogger.googleusercontent.com\/img\/b\/R29vZ2xl\/AVvXsEheDO6MT3hbfgXIARDJGkQvNdwew1Zu4GlgJjjF8TzLmyoNn-KEYrK1KPr4BW6zfRezIY5qK-_B6AbBE_ShAFrnCXPGsCzYayvShjl58Sbk77Or8et5hgfNaMCL8eSufvcY2qQ\/s400\/expo_livre.jpg\" border=\"0\" alt=\"\"id=\"BLOGGER_PHOTO_ID_5198743270864253346\" \/><\/a><br \/>l&rsquo;expo <a href=\"http:\/\/gycouture.blogspot.com\/2008\/04\/expo-de-livres-artistes-23-avril.html\" target=\"_blank\">le livre : oeuvre d&rsquo;art<\/a> \u00e0 la galerie warren g. flowers du coll\u00e8ge dawson a \u00e9t\u00e9 prolong\u00e9e d&rsquo;une semaine (j&rsquo;en ai parl\u00e9 il y a environ deux semaines). l&rsquo;exposition est organis\u00e9e par claude arseneault. <\/p>\n<p>\u00e7a vaut le d\u00e9tour. il est rare de voir autant de livres d&rsquo;artiste ensemble, une vingtaine certainement, dont plusieurs que nous pouvons feuilleter. un grand plaisir !<\/p>\n<p>les heures d&rsquo;ouverture : du mardi au vendredi de midi \u00e0 6h, et le samedi de midi \u00e0 5h.<br \/>une des belles activit\u00e9s du <a href=\"http:\/\/www.arprim.org\/mai\/\" target=\"_blank\">mois de l&rsquo;art imprim\u00e9<\/a>.<\/p>\n","protected":false},"excerpt":{"rendered":"<p>l&rsquo;expo le livre : oeuvre d&rsquo;art \u00e0 la galerie warren g. flowers du coll\u00e8ge dawson a \u00e9t\u00e9 prolong\u00e9e d&rsquo;une semaine (j&rsquo;en ai parl\u00e9 il y a environ deux semaines). l&rsquo;exposition est organis\u00e9e par claude arseneault. \u00e7a vaut le d\u00e9tour. il est rare de voir autant de livres d&rsquo;artiste ensemble, une vingtaine certainement, dont plusieurs que nous pouvons feuilleter. un grand plaisir ! les heures d&rsquo;ouverture : du mardi au vendredi de midi \u00e0 6h, et le samedi de midi \u00e0 5h.une des belles activit\u00e9s du mois de l&rsquo;art imprim\u00e9.<\/p>\n","protected":false},"author":1,"featured_media":0,"comment_status":"open","ping_status":"open","sticky":false,"template":"","format":"standard","meta":{"footnotes":""},"categories":[5,3,7,11],"tags":[],"class_list":["post-2971","post","type-post","status-publish","format-standard","hentry","category-artistique","category-creativite","category-livres","category-sorties"],"acf":[],"_links":{"self":[{"href":"https:\/\/gycouture.com\/blogue\/index.php?rest_route=\/wp\/v2\/posts\/2971","targetHints":{"allow":["GET"]}}],"collection":[{"href":"https:\/\/gycouture.com\/blogue\/index.php?rest_route=\/wp\/v2\/posts"}],"about":[{"href":"https:\/\/gycouture.com\/blogue\/index.php?rest_route=\/wp\/v2\/types\/post"}],"author":[{"embeddable":true,"href":"https:\/\/gycouture.com\/blogue\/index.php?rest_route=\/wp\/v2\/users\/1"}],"replies":[{"embeddable":true,"href":"https:\/\/gycouture.com\/blogue\/index.php?rest_route=%2Fwp%2Fv2%2Fcomments&post=2971"}],"version-history":[{"count":0,"href":"https:\/\/gycouture.com\/blogue\/index.php?rest_route=\/wp\/v2\/posts\/2971\/revisions"}],"wp:attachment":[{"href":"https:\/\/gycouture.com\/blogue\/index.php?rest_route=%2Fwp%2Fv2%2Fmedia&parent=2971"}],"wp:term":[{"taxonomy":"category","embeddable":true,"href":"https:\/\/gycouture.com\/blogue\/index.php?rest_route=%2Fwp%2Fv2%2Fcategories&post=2971"},{"taxonomy":"post_tag","embeddable":true,"href":"https:\/\/gycouture.com\/blogue\/index.php?rest_route=%2Fwp%2Fv2%2Ftags&post=2971"}],"curies":[{"name":"wp","href":"https:\/\/api.w.org\/{rel}","templated":true}]}}