{"id":2955,"date":"2008-05-28T12:00:00","date_gmt":"2008-05-28T12:00:00","guid":{"rendered":"https:\/\/gycouture.com\/blogue\/index.php\/2008\/05\/28\/puces-pop-printemps-et-craftmafia\/"},"modified":"2008-05-28T12:00:00","modified_gmt":"2008-05-28T12:00:00","slug":"puces-pop-printemps-et-craftmafia","status":"publish","type":"post","link":"https:\/\/gycouture.com\/blogue\/?p=2955","title":{"rendered":"puces pop printemps et craftmafia"},"content":{"rendered":"<p><a href=\"https:\/\/blogger.googleusercontent.com\/img\/b\/R29vZ2xl\/AVvXsEhI2Ud9kDNuyPy6aEA7VmxCxZPUvvKhPzsiEtYDf30GQI4rGaQu3iMuYzz0EvR-fcJ-rX7nl_g6GjojGRYvooxrr5WJUB844nCOASNm2yXRuFmdeUG0lfHedcr3iUIevAjIrF4\/s1600-h\/puces.jpg\"><img decoding=\"async\" style=\"float:right; margin:0 0 10px 10px;cursor:pointer; cursor:hand;\" src=\"https:\/\/blogger.googleusercontent.com\/img\/b\/R29vZ2xl\/AVvXsEhI2Ud9kDNuyPy6aEA7VmxCxZPUvvKhPzsiEtYDf30GQI4rGaQu3iMuYzz0EvR-fcJ-rX7nl_g6GjojGRYvooxrr5WJUB844nCOASNm2yXRuFmdeUG0lfHedcr3iUIevAjIrF4\/s400\/puces.jpg\" border=\"0\" alt=\"\"id=\"BLOGGER_PHOTO_ID_5205185826471540482\" \/><\/a>pour ceux et celles qui croient que les march\u00e9s \u00abcraft\u00bb n&rsquo;existent qu&rsquo;avant no\u00ebl, sachez que deux de ces \u00e9v\u00e8nements se pointent le nez bient\u00f4t.<\/p>\n<p>d&rsquo;abord ce samedi, le 31 mai, on peut aller <a href=\"http:\/\/popmontreal.com\/fr\/node\/2649\" target=\"_blank\">aux puces pop printemps<\/a>. <\/p>\n<p>un peu plus tard, les 21 et 22 juin, on pourra renouveler l&rsquo;exp\u00e9rience au <br \/><a href=\"http:\/\/www.craftmafiamontreal.com\/fr\/evenement\" target=\"_blank\">fringe bazaar<\/a> organis\u00e9 par les filles de craftmafia. quelques cr\u00e9atives de creacamp y seront !<\/p>\n","protected":false},"excerpt":{"rendered":"<p>pour ceux et celles qui croient que les march\u00e9s \u00abcraft\u00bb n&rsquo;existent qu&rsquo;avant no\u00ebl, sachez que deux de ces \u00e9v\u00e8nements se pointent le nez bient\u00f4t. d&rsquo;abord ce samedi, le 31 mai, on peut aller aux puces pop printemps. un peu plus tard, les 21 et 22 juin, on pourra renouveler l&rsquo;exp\u00e9rience au fringe bazaar organis\u00e9 par les filles de craftmafia. quelques cr\u00e9atives de creacamp y seront !<\/p>\n","protected":false},"author":1,"featured_media":0,"comment_status":"open","ping_status":"open","sticky":false,"template":"","format":"standard","meta":{"footnotes":""},"categories":[6,11],"tags":[],"class_list":["post-2955","post","type-post","status-publish","format-standard","hentry","category-air-du-temps","category-sorties"],"acf":[],"_links":{"self":[{"href":"https:\/\/gycouture.com\/blogue\/index.php?rest_route=\/wp\/v2\/posts\/2955","targetHints":{"allow":["GET"]}}],"collection":[{"href":"https:\/\/gycouture.com\/blogue\/index.php?rest_route=\/wp\/v2\/posts"}],"about":[{"href":"https:\/\/gycouture.com\/blogue\/index.php?rest_route=\/wp\/v2\/types\/post"}],"author":[{"embeddable":true,"href":"https:\/\/gycouture.com\/blogue\/index.php?rest_route=\/wp\/v2\/users\/1"}],"replies":[{"embeddable":true,"href":"https:\/\/gycouture.com\/blogue\/index.php?rest_route=%2Fwp%2Fv2%2Fcomments&post=2955"}],"version-history":[{"count":0,"href":"https:\/\/gycouture.com\/blogue\/index.php?rest_route=\/wp\/v2\/posts\/2955\/revisions"}],"wp:attachment":[{"href":"https:\/\/gycouture.com\/blogue\/index.php?rest_route=%2Fwp%2Fv2%2Fmedia&parent=2955"}],"wp:term":[{"taxonomy":"category","embeddable":true,"href":"https:\/\/gycouture.com\/blogue\/index.php?rest_route=%2Fwp%2Fv2%2Fcategories&post=2955"},{"taxonomy":"post_tag","embeddable":true,"href":"https:\/\/gycouture.com\/blogue\/index.php?rest_route=%2Fwp%2Fv2%2Ftags&post=2955"}],"curies":[{"name":"wp","href":"https:\/\/api.w.org\/{rel}","templated":true}]}}