{"id":2953,"date":"2008-05-30T13:28:00","date_gmt":"2008-05-30T13:28:00","guid":{"rendered":"https:\/\/gycouture.com\/blogue\/index.php\/2008\/05\/30\/marcelle-ferron-chez-simon-blais\/"},"modified":"2008-05-30T13:28:00","modified_gmt":"2008-05-30T13:28:00","slug":"marcelle-ferron-chez-simon-blais","status":"publish","type":"post","link":"https:\/\/gycouture.com\/blogue\/?p=2953","title":{"rendered":"marcelle ferron chez simon blais"},"content":{"rendered":"<p><a href=\"https:\/\/blogger.googleusercontent.com\/img\/b\/R29vZ2xl\/AVvXsEgCbhLkbOtVMaDGGjyu9tWnsD9mHFgPjcfkyvFhE9840PvZblnKVtk_PWnM2JwXOEeLc0BJBWqGZ0ltUOsmCrQ9sfGLAXL8JukcDrjYd9bInVoXqRHFwjDcZjwf7kU_BbQl0mo\/s1600-h\/ferron.jpg\"><img decoding=\"async\" style=\"display:block; margin:0px auto 10px; text-align:center;cursor:pointer; cursor:hand;\" src=\"https:\/\/blogger.googleusercontent.com\/img\/b\/R29vZ2xl\/AVvXsEgCbhLkbOtVMaDGGjyu9tWnsD9mHFgPjcfkyvFhE9840PvZblnKVtk_PWnM2JwXOEeLc0BJBWqGZ0ltUOsmCrQ9sfGLAXL8JukcDrjYd9bInVoXqRHFwjDcZjwf7kU_BbQl0mo\/s400\/ferron.jpg\" border=\"0\" alt=\"\"id=\"BLOGGER_PHOTO_ID_5206161801954981666\" \/><\/a><br \/>\u00e0 voir, jusqu&rsquo;\u00e0 la fin juin, l&rsquo;exposition de la succession de marcelle ferron. apr\u00e8s sa r\u00e9trospective en 2000 au mus\u00e9e d&rsquo;art contemporain, <a href=\"http:\/\/www.galeriesimonblais.com\/fr\/expoView?id=135\" target=\"_blank\">l&rsquo;expo chez simon blais<\/a> vous permettra d&rsquo;en voir un peu plus. la richesse des couleurs, la force du geste et l&rsquo;\u00e9nergie qui se d\u00e9gage de son travail sont tout \u00e0 fait extraordinaires. <\/p>\n<p>j&rsquo;ai eu le bonheur, pendant mes ann\u00e9es de c\u00e9gep, d&rsquo;assister \u00e0 une de ses conf\u00e9rences. je me souviens encore du ton chaleureux qu&rsquo;elle avait, de sa joie de vivre et son r\u00e9alisme face au march\u00e9 de l&rsquo;art, surtout pour une femme. \u00e0 l&rsquo;\u00e2ge que j&rsquo;avais \u00e0 l&rsquo;\u00e9poque, on cherche des mod\u00e8les et elle en est devenue un pour moi en plus d&rsquo;\u00eatre une grande source d&rsquo;inspiration.<\/p>\n<p><a href=\"http:\/\/www.cyberpresse.ca\/article\/20080510\/CPARTS\/805101185\/1042\/CPARTS\" target=\"_blank\">texte int\u00e9ressant sur l&rsquo;expo<\/a> dans le journal la presse.<\/p>\n","protected":false},"excerpt":{"rendered":"<p>\u00e0 voir, jusqu&rsquo;\u00e0 la fin juin, l&rsquo;exposition de la succession de marcelle ferron. apr\u00e8s sa r\u00e9trospective en 2000 au mus\u00e9e d&rsquo;art contemporain, l&rsquo;expo chez simon blais vous permettra d&rsquo;en voir un peu plus. la richesse des couleurs, la force du geste et l&rsquo;\u00e9nergie qui se d\u00e9gage de son travail sont tout \u00e0 fait extraordinaires. j&rsquo;ai eu le bonheur, pendant mes ann\u00e9es de c\u00e9gep, d&rsquo;assister \u00e0 une de ses conf\u00e9rences. je me souviens encore du ton chaleureux qu&rsquo;elle avait, de sa joie de vivre et son r\u00e9alisme face au march\u00e9 de l&rsquo;art, surtout pour une femme. \u00e0 l&rsquo;\u00e2ge que j&rsquo;avais \u00e0 l&rsquo;\u00e9poque, on cherche des mod\u00e8les et elle en est devenue un pour moi en plus d&rsquo;\u00eatre une grande source d&rsquo;inspiration. texte int\u00e9ressant sur l&rsquo;expo dans le journal la presse.<\/p>\n","protected":false},"author":1,"featured_media":0,"comment_status":"open","ping_status":"open","sticky":false,"template":"","format":"standard","meta":{"footnotes":""},"categories":[5,3,11],"tags":[],"class_list":["post-2953","post","type-post","status-publish","format-standard","hentry","category-artistique","category-creativite","category-sorties"],"acf":[],"_links":{"self":[{"href":"https:\/\/gycouture.com\/blogue\/index.php?rest_route=\/wp\/v2\/posts\/2953","targetHints":{"allow":["GET"]}}],"collection":[{"href":"https:\/\/gycouture.com\/blogue\/index.php?rest_route=\/wp\/v2\/posts"}],"about":[{"href":"https:\/\/gycouture.com\/blogue\/index.php?rest_route=\/wp\/v2\/types\/post"}],"author":[{"embeddable":true,"href":"https:\/\/gycouture.com\/blogue\/index.php?rest_route=\/wp\/v2\/users\/1"}],"replies":[{"embeddable":true,"href":"https:\/\/gycouture.com\/blogue\/index.php?rest_route=%2Fwp%2Fv2%2Fcomments&post=2953"}],"version-history":[{"count":0,"href":"https:\/\/gycouture.com\/blogue\/index.php?rest_route=\/wp\/v2\/posts\/2953\/revisions"}],"wp:attachment":[{"href":"https:\/\/gycouture.com\/blogue\/index.php?rest_route=%2Fwp%2Fv2%2Fmedia&parent=2953"}],"wp:term":[{"taxonomy":"category","embeddable":true,"href":"https:\/\/gycouture.com\/blogue\/index.php?rest_route=%2Fwp%2Fv2%2Fcategories&post=2953"},{"taxonomy":"post_tag","embeddable":true,"href":"https:\/\/gycouture.com\/blogue\/index.php?rest_route=%2Fwp%2Fv2%2Ftags&post=2953"}],"curies":[{"name":"wp","href":"https:\/\/api.w.org\/{rel}","templated":true}]}}