{"id":2916,"date":"2008-08-08T14:21:00","date_gmt":"2008-08-08T14:21:00","guid":{"rendered":"https:\/\/gycouture.com\/blogue\/index.php\/2008\/08\/08\/une-semaine-apres-le-retour-des-vacances\/"},"modified":"2008-08-08T14:21:00","modified_gmt":"2008-08-08T14:21:00","slug":"une-semaine-apres-le-retour-des-vacances","status":"publish","type":"post","link":"https:\/\/gycouture.com\/blogue\/?p=2916","title":{"rendered":"une semaine apr\u00e8s le retour des vacances&#8230;"},"content":{"rendered":"<p><a href=\"https:\/\/blogger.googleusercontent.com\/img\/b\/R29vZ2xl\/AVvXsEh59j2g6-N7xJ5RBkmB_4ZuvhQKB8Glmv6W2DqLLFjnpg1spt-30DQLNIJ73PxU7hyphenhyphenoj58ASIx_vz0PzBFbobnElefmal3PgCa9xAYMe4gvXowgS2TdJmnYYgHqzlhLpOqZeSM\/s1600-h\/ete_2008.jpg\"><img decoding=\"async\" style=\"float:right; margin:0 0 10px 10px;cursor:pointer; cursor:hand;\" src=\"https:\/\/blogger.googleusercontent.com\/img\/b\/R29vZ2xl\/AVvXsEh59j2g6-N7xJ5RBkmB_4ZuvhQKB8Glmv6W2DqLLFjnpg1spt-30DQLNIJ73PxU7hyphenhyphenoj58ASIx_vz0PzBFbobnElefmal3PgCa9xAYMe4gvXowgS2TdJmnYYgHqzlhLpOqZeSM\/s400\/ete_2008.jpg\" border=\"0\" alt=\"\"id=\"BLOGGER_PHOTO_ID_5232152128596960898\" \/><\/a>retour du bas du fleuve vendredi dernier et retour au travail lundi le 4 ao\u00fbt. <\/p>\n<p>dans le bas du fleuve, il a fait beau, tr\u00e8s beau m\u00eame entre le 25 et le 30 juillet. assez pour avoir des coups de soleil et de rechercher l&rsquo;ombre pour la lecture. <\/p>\n<p>j&rsquo;ai travaill\u00e9 sur une s\u00e9rie de collages <a href=\"http:\/\/www.flickr.com\/photos\/gycouture\/2725303596\/\/\" target=\"_blank\">6&#215;6<\/a> avec <a href=\"http:\/\/tods2tods.canalblog.com\/\" target=\"_blank\">elisabeth<\/a>. <\/p>\n<p>j&rsquo;ai aussi rapidement mont\u00e9 \u00e0 un petit livre \u00e0 partir d&rsquo;un carnet qu&rsquo;elle m&rsquo;avait envoy\u00e9 il y a longtemps. et j&rsquo;ai ensuite utilis\u00e9 les restants de ces collages ainsi que d&rsquo;autres d\u00e9buts de projets personnels pour commencer un autre livre d&rsquo;artiste. <\/p>\n<p>je l&rsquo;ai ajout\u00e9 \u00e0 la pile de livres d&rsquo;artistes \u00aben progr\u00e8s\u00bb qui sont sur ma table&#8230;<\/p>\n<p>j&rsquo;ai \u00e9cris et fait de l&rsquo;ordre dans mes id\u00e9es et dans mes projets \u00e0 venir. je vais devoir d\u00e9velopper plus s\u00e9rieusement le cot\u00e9 \u00e9criture de mes projets. c&rsquo;est toujours le bout qui me fait tourner en rond quand je commence \u00e0 travailler sur un livre d&rsquo;artiste.<\/p>\n<p>je sais que vous ne voyez pas grand-chose pour l&rsquo;instant, mais \u00e7a viendra dans les mois \u00e0 venir! <\/p>\n<p>*** trois ans depuis le d\u00e9but de ce blog, plus de 650 \u00abposts\u00bb&#8230; merci de me lire !<\/p>\n","protected":false},"excerpt":{"rendered":"<p>retour du bas du fleuve vendredi dernier et retour au travail lundi le 4 ao\u00fbt. dans le bas du fleuve, il a fait beau, tr\u00e8s beau m\u00eame entre le 25 et le 30 juillet. assez pour avoir des coups de soleil et de rechercher l&rsquo;ombre pour la lecture. j&rsquo;ai travaill\u00e9 sur une s\u00e9rie de collages 6&#215;6 avec elisabeth. j&rsquo;ai aussi rapidement mont\u00e9 \u00e0 un petit livre \u00e0 partir d&rsquo;un carnet qu&rsquo;elle m&rsquo;avait envoy\u00e9 il y a longtemps. et j&rsquo;ai ensuite utilis\u00e9 les restants de ces collages ainsi que d&rsquo;autres d\u00e9buts de projets personnels pour commencer un autre livre d&rsquo;artiste. je l&rsquo;ai ajout\u00e9 \u00e0 la pile de livres d&rsquo;artistes \u00aben progr\u00e8s\u00bb qui sont sur ma table&#8230; j&rsquo;ai \u00e9cris et fait de l&rsquo;ordre dans mes id\u00e9es et dans mes projets \u00e0 venir. je vais devoir d\u00e9velopper plus s\u00e9rieusement le cot\u00e9 \u00e9criture de mes projets. c&rsquo;est toujours le bout qui me fait tourner en rond quand je commence \u00e0 travailler sur un livre d&rsquo;artiste. je sais que vous ne voyez pas grand-chose pour l&rsquo;instant, mais \u00e7a viendra dans les mois \u00e0 venir! *** trois ans depuis le d\u00e9but de ce blog, plus de 650 \u00abposts\u00bb&#8230; merci de me lire !<\/p>\n","protected":false},"author":1,"featured_media":0,"comment_status":"open","ping_status":"open","sticky":false,"template":"","format":"standard","meta":{"footnotes":""},"categories":[6,5,3,4],"tags":[],"class_list":["post-2916","post","type-post","status-publish","format-standard","hentry","category-air-du-temps","category-artistique","category-creativite","category-mes-projets"],"acf":[],"_links":{"self":[{"href":"https:\/\/gycouture.com\/blogue\/index.php?rest_route=\/wp\/v2\/posts\/2916","targetHints":{"allow":["GET"]}}],"collection":[{"href":"https:\/\/gycouture.com\/blogue\/index.php?rest_route=\/wp\/v2\/posts"}],"about":[{"href":"https:\/\/gycouture.com\/blogue\/index.php?rest_route=\/wp\/v2\/types\/post"}],"author":[{"embeddable":true,"href":"https:\/\/gycouture.com\/blogue\/index.php?rest_route=\/wp\/v2\/users\/1"}],"replies":[{"embeddable":true,"href":"https:\/\/gycouture.com\/blogue\/index.php?rest_route=%2Fwp%2Fv2%2Fcomments&post=2916"}],"version-history":[{"count":0,"href":"https:\/\/gycouture.com\/blogue\/index.php?rest_route=\/wp\/v2\/posts\/2916\/revisions"}],"wp:attachment":[{"href":"https:\/\/gycouture.com\/blogue\/index.php?rest_route=%2Fwp%2Fv2%2Fmedia&parent=2916"}],"wp:term":[{"taxonomy":"category","embeddable":true,"href":"https:\/\/gycouture.com\/blogue\/index.php?rest_route=%2Fwp%2Fv2%2Fcategories&post=2916"},{"taxonomy":"post_tag","embeddable":true,"href":"https:\/\/gycouture.com\/blogue\/index.php?rest_route=%2Fwp%2Fv2%2Ftags&post=2916"}],"curies":[{"name":"wp","href":"https:\/\/api.w.org\/{rel}","templated":true}]}}