{"id":291,"date":"2023-05-08T14:38:00","date_gmt":"2023-05-08T14:38:00","guid":{"rendered":"https:\/\/gycouture.com\/blogue\/index.php\/2023\/05\/08\/la-pratique-du-collage-de-cahier\/"},"modified":"2023-05-08T14:38:00","modified_gmt":"2023-05-08T14:38:00","slug":"la-pratique-du-collage-de-cahier","status":"publish","type":"post","link":"https:\/\/gycouture.com\/blogue\/?p=291","title":{"rendered":"la pratique du collage de cahier"},"content":{"rendered":"<\/p>\n<div style=\"clear: both; text-align: center;\"><a href=\"https:\/\/blogger.googleusercontent.com\/img\/b\/R29vZ2xl\/AVvXsEiT5Eiv8OSDEfa6fbJH33enxOTbT97BXJ94_KmGxOjQ8myfh1FlELc4D3vynXE7qfacvuATpgPm_GgsTumbjlRMJYYYEgU62VnJQj90oLrLjzQKcY8Jq-ZTSgPz35AfDxZUhu1Mcz57lI4ecJs2vnzwHBoFnq8T2WcmF6EqgBoJ7RFRJmU\/s800\/2_guylaine_couture.jpg\" style=\"clear: left; float: left; margin-bottom: 1em; margin-right: 1em;\"><img decoding=\"async\" border=\"0\" data-original-height=\"400\" data-original-width=\"800\" src=\"https:\/\/blogger.googleusercontent.com\/img\/b\/R29vZ2xl\/AVvXsEiT5Eiv8OSDEfa6fbJH33enxOTbT97BXJ94_KmGxOjQ8myfh1FlELc4D3vynXE7qfacvuATpgPm_GgsTumbjlRMJYYYEgU62VnJQj90oLrLjzQKcY8Jq-ZTSgPz35AfDxZUhu1Mcz57lI4ecJs2vnzwHBoFnq8T2WcmF6EqgBoJ7RFRJmU\/s16000\/2_guylaine_couture.jpg\" \/><\/a><\/div>\n<p>&nbsp;<\/p>\n<p>cela fait partie de ma pratique r\u00e9guli\u00e8re de faire des collages de cahier. une petite s\u00e9rie de deux \u00e0 quatre collages que je fais dans le m\u00eame \u00e9lan le matin avant de commencer ma p\u00e9riode d&rsquo;atelier. une fa\u00e7on de me rassurer que je suis toujours capable de cr\u00e9ation. il y a des matins meilleurs que d&rsquo;autres&#8230; mais l&rsquo;important est de le faire, de cr\u00e9er l&rsquo;habitude.<\/p>\n<p><\/p>\n<p>quand j&rsquo;ai vu les carnets de <span><a href=\"https:\/\/www.instagram.com\/janicemcdonaldart\/\" target=\"_blank\">Janice McDonald<\/a>, je me suis un peu reconnue. elle parle ici de cette pratique du \u00abcollage diary\u00bb. on peut voir le <a href=\"https:\/\/www.instagram.com\/reel\/Cm2pC2vorXg\/?utm_source=ig_web_copy_link\" target=\"_blank\">d\u00e9filement de son journal de 2022 ici<\/a>. je crois qu&rsquo;elle en est \u00e0 sa cinqui\u00e8me ann\u00e9e de pratique commenc\u00e9e avant la pand\u00e9mie.<br \/><\/span><\/p>\n<p><span>&nbsp;<\/span><\/p>\n<p><span>elle parle de la pratique <a href=\"https:\/\/www.janicemcdonald.com\/blog\/about-my-collage-diary-a-social-media-phenomenon\" target=\"_blank\">du collage quotidien ici<\/a>. j&rsquo;ai beaucoup aim\u00e9 lire ce texte. elle travaille le soir et en fait un exercice quasi m\u00e9ditatif d&rsquo;une dur\u00e9e de 15 \u00e0 30 minutes.<\/span><\/p>\n<p><span>&nbsp;<\/span><\/p>\n<p><span>n&rsquo;h\u00e9sitez pas \u00e0 visiter aussi son site internet, toute cette cr\u00e9ativit\u00e9 est bien belle \u00e0 voir.<br \/><\/span><\/p>\n","protected":false},"excerpt":{"rendered":"<p>&nbsp; cela fait partie de ma pratique r\u00e9guli\u00e8re de faire des collages de cahier. une petite s\u00e9rie de deux \u00e0 quatre collages que je fais dans le m\u00eame \u00e9lan le matin avant de commencer ma p\u00e9riode d&rsquo;atelier. une fa\u00e7on de me rassurer que je suis toujours capable de cr\u00e9ation. il y a des matins meilleurs que d&rsquo;autres&#8230; mais l&rsquo;important est de le faire, de cr\u00e9er l&rsquo;habitude. quand j&rsquo;ai vu les carnets de Janice McDonald, je me suis un peu reconnue. elle parle ici de cette pratique du \u00abcollage diary\u00bb. on peut voir le d\u00e9filement de son journal de 2022 ici. je crois qu&rsquo;elle en est \u00e0 sa cinqui\u00e8me ann\u00e9e de pratique commenc\u00e9e avant la pand\u00e9mie. &nbsp; elle parle de la pratique du collage quotidien ici. j&rsquo;ai beaucoup aim\u00e9 lire ce texte. elle travaille le soir et en fait un exercice quasi m\u00e9ditatif d&rsquo;une dur\u00e9e de 15 \u00e0 30 minutes. &nbsp; n&rsquo;h\u00e9sitez pas \u00e0 visiter aussi son site internet, toute cette cr\u00e9ativit\u00e9 est bien belle \u00e0 voir.<\/p>\n","protected":false},"author":1,"featured_media":0,"comment_status":"open","ping_status":"open","sticky":false,"template":"","format":"standard","meta":{"footnotes":""},"categories":[6,5,3],"tags":[],"class_list":["post-291","post","type-post","status-publish","format-standard","hentry","category-air-du-temps","category-artistique","category-creativite"],"acf":[],"_links":{"self":[{"href":"https:\/\/gycouture.com\/blogue\/index.php?rest_route=\/wp\/v2\/posts\/291","targetHints":{"allow":["GET"]}}],"collection":[{"href":"https:\/\/gycouture.com\/blogue\/index.php?rest_route=\/wp\/v2\/posts"}],"about":[{"href":"https:\/\/gycouture.com\/blogue\/index.php?rest_route=\/wp\/v2\/types\/post"}],"author":[{"embeddable":true,"href":"https:\/\/gycouture.com\/blogue\/index.php?rest_route=\/wp\/v2\/users\/1"}],"replies":[{"embeddable":true,"href":"https:\/\/gycouture.com\/blogue\/index.php?rest_route=%2Fwp%2Fv2%2Fcomments&post=291"}],"version-history":[{"count":0,"href":"https:\/\/gycouture.com\/blogue\/index.php?rest_route=\/wp\/v2\/posts\/291\/revisions"}],"wp:attachment":[{"href":"https:\/\/gycouture.com\/blogue\/index.php?rest_route=%2Fwp%2Fv2%2Fmedia&parent=291"}],"wp:term":[{"taxonomy":"category","embeddable":true,"href":"https:\/\/gycouture.com\/blogue\/index.php?rest_route=%2Fwp%2Fv2%2Fcategories&post=291"},{"taxonomy":"post_tag","embeddable":true,"href":"https:\/\/gycouture.com\/blogue\/index.php?rest_route=%2Fwp%2Fv2%2Ftags&post=291"}],"curies":[{"name":"wp","href":"https:\/\/api.w.org\/{rel}","templated":true}]}}