{"id":2909,"date":"2008-08-22T14:51:00","date_gmt":"2008-08-22T14:51:00","guid":{"rendered":"https:\/\/gycouture.com\/blogue\/index.php\/2008\/08\/22\/jexpose-enfin\/"},"modified":"2008-08-22T14:51:00","modified_gmt":"2008-08-22T14:51:00","slug":"jexpose-enfin","status":"publish","type":"post","link":"https:\/\/gycouture.com\/blogue\/?p=2909","title":{"rendered":"j&rsquo;expose (enfin !)"},"content":{"rendered":"<p><a href=\"https:\/\/blogger.googleusercontent.com\/img\/b\/R29vZ2xl\/AVvXsEjW48tAxOJFwld3OPh70NOktD4Dx9sowiYxVbxmkVBpSMnIZJsgz1IRlTsNincRhAPkEdAOKEroqRL97B8SM7EetIR99yX3d9Cy1bUjJkrY4cGFUePz5EuSTZxbNpLXHWDVv5o\/s1600-h\/livres_gycouture.jpg\"><img decoding=\"async\" style=\"display:block; margin:0px auto 10px; text-align:center;cursor:pointer; cursor:hand;\" src=\"https:\/\/blogger.googleusercontent.com\/img\/b\/R29vZ2xl\/AVvXsEjW48tAxOJFwld3OPh70NOktD4Dx9sowiYxVbxmkVBpSMnIZJsgz1IRlTsNincRhAPkEdAOKEroqRL97B8SM7EetIR99yX3d9Cy1bUjJkrY4cGFUePz5EuSTZxbNpLXHWDVv5o\/s400\/livres_gycouture.jpg\" border=\"0\" alt=\"\"id=\"BLOGGER_PHOTO_ID_5237354356657461090\" \/><\/a><br \/>j&rsquo;exposerai finalement deux livres d&rsquo;artiste en septembre !<\/p>\n<p>bien que <a href=\"http:\/\/gycouture.blogspot.com\/2008\/06\/le-livre-dartiste.html\" target=\"_blank\">celui<\/a> pour l&rsquo;atelier circulaire ai \u00e9t\u00e9 refus\u00e9 finalement, j&rsquo;en aurais deux \u00e0 l&rsquo;expo <a href=\"http:\/\/www.cbbag.ca\/home.html\" target=\"_blank\">CBBAG<\/a> chez <a href=\"http:\/\/www.arprim.org\/\" target=\"_blank\">ARPRIM<\/a> du 26 septembre au 12 octobre prochain \u00e0 la galerie d&rsquo;arprim dans l&rsquo;\u00e9difice du belgo.<\/p>\n<p>je suis tr\u00e8s tr\u00e8s contente. exposer mes livres est un objectif sur lequel je travaille depuis presque deux ans et exposer avec d&rsquo;autres artistes du livre (d&rsquo;exp\u00e9rience) c&rsquo;est encore plus excitant.<\/p>\n<p>je vous en reparlerai !<\/p>\n","protected":false},"excerpt":{"rendered":"<p>j&rsquo;exposerai finalement deux livres d&rsquo;artiste en septembre ! bien que celui pour l&rsquo;atelier circulaire ai \u00e9t\u00e9 refus\u00e9 finalement, j&rsquo;en aurais deux \u00e0 l&rsquo;expo CBBAG chez ARPRIM du 26 septembre au 12 octobre prochain \u00e0 la galerie d&rsquo;arprim dans l&rsquo;\u00e9difice du belgo. je suis tr\u00e8s tr\u00e8s contente. exposer mes livres est un objectif sur lequel je travaille depuis presque deux ans et exposer avec d&rsquo;autres artistes du livre (d&rsquo;exp\u00e9rience) c&rsquo;est encore plus excitant. je vous en reparlerai !<\/p>\n","protected":false},"author":1,"featured_media":0,"comment_status":"open","ping_status":"open","sticky":false,"template":"","format":"standard","meta":{"footnotes":""},"categories":[5,7,4],"tags":[],"class_list":["post-2909","post","type-post","status-publish","format-standard","hentry","category-artistique","category-livres","category-mes-projets"],"acf":[],"_links":{"self":[{"href":"https:\/\/gycouture.com\/blogue\/index.php?rest_route=\/wp\/v2\/posts\/2909","targetHints":{"allow":["GET"]}}],"collection":[{"href":"https:\/\/gycouture.com\/blogue\/index.php?rest_route=\/wp\/v2\/posts"}],"about":[{"href":"https:\/\/gycouture.com\/blogue\/index.php?rest_route=\/wp\/v2\/types\/post"}],"author":[{"embeddable":true,"href":"https:\/\/gycouture.com\/blogue\/index.php?rest_route=\/wp\/v2\/users\/1"}],"replies":[{"embeddable":true,"href":"https:\/\/gycouture.com\/blogue\/index.php?rest_route=%2Fwp%2Fv2%2Fcomments&post=2909"}],"version-history":[{"count":0,"href":"https:\/\/gycouture.com\/blogue\/index.php?rest_route=\/wp\/v2\/posts\/2909\/revisions"}],"wp:attachment":[{"href":"https:\/\/gycouture.com\/blogue\/index.php?rest_route=%2Fwp%2Fv2%2Fmedia&parent=2909"}],"wp:term":[{"taxonomy":"category","embeddable":true,"href":"https:\/\/gycouture.com\/blogue\/index.php?rest_route=%2Fwp%2Fv2%2Fcategories&post=2909"},{"taxonomy":"post_tag","embeddable":true,"href":"https:\/\/gycouture.com\/blogue\/index.php?rest_route=%2Fwp%2Fv2%2Ftags&post=2909"}],"curies":[{"name":"wp","href":"https:\/\/api.w.org\/{rel}","templated":true}]}}