{"id":2848,"date":"2008-11-24T15:15:00","date_gmt":"2008-11-24T15:15:00","guid":{"rendered":"https:\/\/gycouture.com\/blogue\/index.php\/2008\/11\/24\/noubliez-pas-expozine\/"},"modified":"2008-11-24T15:15:00","modified_gmt":"2008-11-24T15:15:00","slug":"noubliez-pas-expozine","status":"publish","type":"post","link":"https:\/\/gycouture.com\/blogue\/?p=2848","title":{"rendered":"n&rsquo;oubliez pas expozine !"},"content":{"rendered":"<p><a href=\"https:\/\/blogger.googleusercontent.com\/img\/b\/R29vZ2xl\/AVvXsEiWl8hJcL3jhdXErmX0WRoAQyBxyfY8T2ubIqqIXNLsI7rvueaRuXmMJAOvktt_pZOin-HVk2cmdy_XbQaRSgIFm-mIYxZv60L8nB5lGdo82JdJHoyoCj6Kw4xJIU-7OPLUQdY\/s1600-h\/expozine2008colourweb.gif\"><img decoding=\"async\" style=\"float:right; margin:0 0 10px 10px;cursor:pointer; cursor:hand;width: 150px; height: 150px;\" src=\"https:\/\/blogger.googleusercontent.com\/img\/b\/R29vZ2xl\/AVvXsEiWl8hJcL3jhdXErmX0WRoAQyBxyfY8T2ubIqqIXNLsI7rvueaRuXmMJAOvktt_pZOin-HVk2cmdy_XbQaRSgIFm-mIYxZv60L8nB5lGdo82JdJHoyoCj6Kw4xJIU-7OPLUQdY\/s400\/expozine2008colourweb.gif\" border=\"0\" alt=\"\"id=\"BLOGGER_PHOTO_ID_5271888781443852706\" \/><\/a>samedi ou dimanche prochain, je serai \u00e0 <a href=\"http:\/\/www.expozine.ca\/fr\/index.php\/\" target=\"_blank\">expozine<\/a>, d\u00e8s midi pour \u00e9viter la cohue. <\/p>\n<p>ce salon est un rendez-vous immanquable pour qui aime les publications ind\u00e9pendantes. l&rsquo;ensemble est moins na\u00eff que les premi\u00e8res ann\u00e9es, cette cat\u00e9gorie de presse s&rsquo;organise, se donne les moyens et c&rsquo;est tant mieux. c&rsquo;est surtout rempli de cr\u00e9ativit\u00e9.<\/p>\n<p>\u00e0 voir la longue liste des exposants, il va y avoir du monde derri\u00e8re les \u00abpetites tables de sous-sol d&rsquo;\u00e9glise\u00bb !<\/p>\n<p>samedi dimanche, entr\u00e9e gratuite<\/p>\n","protected":false},"excerpt":{"rendered":"<p>samedi ou dimanche prochain, je serai \u00e0 expozine, d\u00e8s midi pour \u00e9viter la cohue. ce salon est un rendez-vous immanquable pour qui aime les publications ind\u00e9pendantes. l&rsquo;ensemble est moins na\u00eff que les premi\u00e8res ann\u00e9es, cette cat\u00e9gorie de presse s&rsquo;organise, se donne les moyens et c&rsquo;est tant mieux. c&rsquo;est surtout rempli de cr\u00e9ativit\u00e9. \u00e0 voir la longue liste des exposants, il va y avoir du monde derri\u00e8re les \u00abpetites tables de sous-sol d&rsquo;\u00e9glise\u00bb ! samedi dimanche, entr\u00e9e gratuite<\/p>\n","protected":false},"author":1,"featured_media":0,"comment_status":"open","ping_status":"open","sticky":false,"template":"","format":"standard","meta":{"footnotes":""},"categories":[6,7,11],"tags":[],"class_list":["post-2848","post","type-post","status-publish","format-standard","hentry","category-air-du-temps","category-livres","category-sorties"],"acf":[],"_links":{"self":[{"href":"https:\/\/gycouture.com\/blogue\/index.php?rest_route=\/wp\/v2\/posts\/2848","targetHints":{"allow":["GET"]}}],"collection":[{"href":"https:\/\/gycouture.com\/blogue\/index.php?rest_route=\/wp\/v2\/posts"}],"about":[{"href":"https:\/\/gycouture.com\/blogue\/index.php?rest_route=\/wp\/v2\/types\/post"}],"author":[{"embeddable":true,"href":"https:\/\/gycouture.com\/blogue\/index.php?rest_route=\/wp\/v2\/users\/1"}],"replies":[{"embeddable":true,"href":"https:\/\/gycouture.com\/blogue\/index.php?rest_route=%2Fwp%2Fv2%2Fcomments&post=2848"}],"version-history":[{"count":0,"href":"https:\/\/gycouture.com\/blogue\/index.php?rest_route=\/wp\/v2\/posts\/2848\/revisions"}],"wp:attachment":[{"href":"https:\/\/gycouture.com\/blogue\/index.php?rest_route=%2Fwp%2Fv2%2Fmedia&parent=2848"}],"wp:term":[{"taxonomy":"category","embeddable":true,"href":"https:\/\/gycouture.com\/blogue\/index.php?rest_route=%2Fwp%2Fv2%2Fcategories&post=2848"},{"taxonomy":"post_tag","embeddable":true,"href":"https:\/\/gycouture.com\/blogue\/index.php?rest_route=%2Fwp%2Fv2%2Ftags&post=2848"}],"curies":[{"name":"wp","href":"https:\/\/api.w.org\/{rel}","templated":true}]}}