{"id":2826,"date":"2009-01-08T21:47:00","date_gmt":"2009-01-08T21:47:00","guid":{"rendered":"https:\/\/gycouture.com\/blogue\/index.php\/2009\/01\/08\/le-cirque-de-calder\/"},"modified":"2009-01-08T21:47:00","modified_gmt":"2009-01-08T21:47:00","slug":"le-cirque-de-calder","status":"publish","type":"post","link":"https:\/\/gycouture.com\/blogue\/?p=2826","title":{"rendered":"le cirque de calder"},"content":{"rendered":"<p><a href=\"https:\/\/blogger.googleusercontent.com\/img\/b\/R29vZ2xl\/AVvXsEizXGnSHQ5Vf7uh32IzEY9miO8jiiXxQC-ROohvnGHvVpsaSnuy6FWqENZCePNFFf1J6WogQnFyPmckbp-7FWX9YS6i1ndHIrAvwl1XymU9DcSyhG3CuvRXBwbuvHkExxydZ9I\/s1600-h\/calder.gif\"><img decoding=\"async\" style=\"display:block; margin:0px auto 10px; text-align:center;cursor:pointer; cursor:hand;width: 398px; height: 262px;\" src=\"https:\/\/blogger.googleusercontent.com\/img\/b\/R29vZ2xl\/AVvXsEizXGnSHQ5Vf7uh32IzEY9miO8jiiXxQC-ROohvnGHvVpsaSnuy6FWqENZCePNFFf1J6WogQnFyPmckbp-7FWX9YS6i1ndHIrAvwl1XymU9DcSyhG3CuvRXBwbuvHkExxydZ9I\/s400\/calder.gif\" border=\"0\" alt=\"\"id=\"BLOGGER_PHOTO_ID_5285732142376688370\" \/><\/a><br \/>exposition de calder, ses ann\u00e9es \u00e0 paris (1926-1933) au whitney (NY). <\/p>\n<p>on peut jeter un coup d&rsquo;oeil sur quelques pi\u00e8ces via le <a href=\"http:\/\/www.whitney.org\/www\/calder\/images.jsp\" target=\"_blank\">site internet<\/a> cr\u00e9\u00e9 pour l&rsquo;\u00e9v\u00e9nement, et m\u00eame t\u00e9l\u00e9charger la brochure explicative et tr\u00e8s illustr\u00e9e. <\/p>\n<p>pour ma part, je trouve ses dessins au fil de fer toujours aussi magnifique de simplicit\u00e9 et \u00e9mouvants. j&rsquo;ai d\u00e9couvert ses personnages \u00abmaquette\u00bb du cirque calder. \u00e0 voir.<\/p>\n","protected":false},"excerpt":{"rendered":"<p>exposition de calder, ses ann\u00e9es \u00e0 paris (1926-1933) au whitney (NY). on peut jeter un coup d&rsquo;oeil sur quelques pi\u00e8ces via le site internet cr\u00e9\u00e9 pour l&rsquo;\u00e9v\u00e9nement, et m\u00eame t\u00e9l\u00e9charger la brochure explicative et tr\u00e8s illustr\u00e9e. pour ma part, je trouve ses dessins au fil de fer toujours aussi magnifique de simplicit\u00e9 et \u00e9mouvants. j&rsquo;ai d\u00e9couvert ses personnages \u00abmaquette\u00bb du cirque calder. \u00e0 voir.<\/p>\n","protected":false},"author":1,"featured_media":0,"comment_status":"open","ping_status":"open","sticky":false,"template":"","format":"standard","meta":{"footnotes":""},"categories":[6,5,3],"tags":[],"class_list":["post-2826","post","type-post","status-publish","format-standard","hentry","category-air-du-temps","category-artistique","category-creativite"],"acf":[],"_links":{"self":[{"href":"https:\/\/gycouture.com\/blogue\/index.php?rest_route=\/wp\/v2\/posts\/2826","targetHints":{"allow":["GET"]}}],"collection":[{"href":"https:\/\/gycouture.com\/blogue\/index.php?rest_route=\/wp\/v2\/posts"}],"about":[{"href":"https:\/\/gycouture.com\/blogue\/index.php?rest_route=\/wp\/v2\/types\/post"}],"author":[{"embeddable":true,"href":"https:\/\/gycouture.com\/blogue\/index.php?rest_route=\/wp\/v2\/users\/1"}],"replies":[{"embeddable":true,"href":"https:\/\/gycouture.com\/blogue\/index.php?rest_route=%2Fwp%2Fv2%2Fcomments&post=2826"}],"version-history":[{"count":0,"href":"https:\/\/gycouture.com\/blogue\/index.php?rest_route=\/wp\/v2\/posts\/2826\/revisions"}],"wp:attachment":[{"href":"https:\/\/gycouture.com\/blogue\/index.php?rest_route=%2Fwp%2Fv2%2Fmedia&parent=2826"}],"wp:term":[{"taxonomy":"category","embeddable":true,"href":"https:\/\/gycouture.com\/blogue\/index.php?rest_route=%2Fwp%2Fv2%2Fcategories&post=2826"},{"taxonomy":"post_tag","embeddable":true,"href":"https:\/\/gycouture.com\/blogue\/index.php?rest_route=%2Fwp%2Fv2%2Ftags&post=2826"}],"curies":[{"name":"wp","href":"https:\/\/api.w.org\/{rel}","templated":true}]}}