{"id":2810,"date":"2009-02-03T23:57:00","date_gmt":"2009-02-03T23:57:00","guid":{"rendered":"https:\/\/gycouture.com\/blogue\/index.php\/2009\/02\/03\/ne-rien-acheter-pour-creer\/"},"modified":"2009-02-03T23:57:00","modified_gmt":"2009-02-03T23:57:00","slug":"ne-rien-acheter-pour-creer","status":"publish","type":"post","link":"https:\/\/gycouture.com\/blogue\/?p=2810","title":{"rendered":"ne rien acheter pour cr\u00e9er"},"content":{"rendered":"<p><a href=\"https:\/\/blogger.googleusercontent.com\/img\/b\/R29vZ2xl\/AVvXsEgnqXk4yCk3E6VppUqXbw0NJCvmBMCBz9cKofXQWdfQq9TmcIbrMoRxePAEqZfuOGQ4ETjlWGEKM18YbnGOnhjFoZGQmvCEzdbkaCQqS8iAWrFS3uNXCYpWPvyjISRsHxsz4UWP\/s1600-h\/couleur.jpg\"><img decoding=\"async\" style=\"display:block; margin:0px auto 10px; text-align:center;cursor:pointer; cursor:hand;width: 398px; height: 114px;\" src=\"https:\/\/blogger.googleusercontent.com\/img\/b\/R29vZ2xl\/AVvXsEgnqXk4yCk3E6VppUqXbw0NJCvmBMCBz9cKofXQWdfQq9TmcIbrMoRxePAEqZfuOGQ4ETjlWGEKM18YbnGOnhjFoZGQmvCEzdbkaCQqS8iAWrFS3uNXCYpWPvyjISRsHxsz4UWP\/s400\/couleur.jpg\" border=\"0\" alt=\"\"id=\"BLOGGER_PHOTO_ID_5298724121190657826\" \/><\/a>j&rsquo;ai trouv\u00e9 ce d\u00e9fi \u00e0 quelques endroits sur le web : \u00eatre cr\u00e9atif sans rien acheter. tout faire \u00e0 partir des millions de papiers, de mati\u00e8re, de couleurs accumul\u00e9es au fil des ans. m\u00e9chant contrat.<\/p>\n<p>\u00e0 bien y penser, j&rsquo;ai \u00e0 peu pr\u00e8s rien achet\u00e9 en 2008. le collage, \u00e0 la base, c&rsquo;est de la r\u00e9cup\u00e9ration. je n&rsquo;ai pas de m\u00e9rite. <br \/>bien s\u00fbr, je me suis pay\u00e9 de belles feuilles de motifs \u00e0 florence, des encres de gravure pour imprimer un livre d&rsquo;artiste, mais pas grand-chose d&rsquo;autre. ma colle planatol est r\u00e9cup\u00e9r\u00e9e de stockage inutilis\u00e9 depuis 20 ans. <\/p>\n<p>vous avez d\u00e9j\u00e0 vu ma table \u00e0 dessin d\u00e9bordant de papier, maintenant voici mon tiroir de couleurs.<\/p>\n<p>il est certain que si je faisais, par exemple, de la peinture, il me faudrait sans doute acheter de la mati\u00e8re \u00e0 un moment donn\u00e9. mais de votre cot\u00e9, que faites-vous de toutes ces couleurs achet\u00e9es et inutilis\u00e9es?<\/p>\n<p>le <a href=\"http:\/\/www.futuregirl.com\/craft_blog\/2009\/1\/use-what-i-have.aspx\" target=\"_blank\">post de d\u00e9part <\/a>ici, la <a href=\"http:\/\/dblogala.typepad.com\/dblogala\/2009\/01\/thank-you.html\" target=\"_blank\">r\u00e9ponse de Dawn DeVries Sokol<\/a> ici. lisez les commentaires, c&rsquo;est tout aussi int\u00e9ressant.<\/p>\n","protected":false},"excerpt":{"rendered":"<p>j&rsquo;ai trouv\u00e9 ce d\u00e9fi \u00e0 quelques endroits sur le web : \u00eatre cr\u00e9atif sans rien acheter. tout faire \u00e0 partir des millions de papiers, de mati\u00e8re, de couleurs accumul\u00e9es au fil des ans. m\u00e9chant contrat. \u00e0 bien y penser, j&rsquo;ai \u00e0 peu pr\u00e8s rien achet\u00e9 en 2008. le collage, \u00e0 la base, c&rsquo;est de la r\u00e9cup\u00e9ration. je n&rsquo;ai pas de m\u00e9rite. bien s\u00fbr, je me suis pay\u00e9 de belles feuilles de motifs \u00e0 florence, des encres de gravure pour imprimer un livre d&rsquo;artiste, mais pas grand-chose d&rsquo;autre. ma colle planatol est r\u00e9cup\u00e9r\u00e9e de stockage inutilis\u00e9 depuis 20 ans. vous avez d\u00e9j\u00e0 vu ma table \u00e0 dessin d\u00e9bordant de papier, maintenant voici mon tiroir de couleurs. il est certain que si je faisais, par exemple, de la peinture, il me faudrait sans doute acheter de la mati\u00e8re \u00e0 un moment donn\u00e9. mais de votre cot\u00e9, que faites-vous de toutes ces couleurs achet\u00e9es et inutilis\u00e9es? le post de d\u00e9part ici, la r\u00e9ponse de Dawn DeVries Sokol ici. lisez les commentaires, c&rsquo;est tout aussi int\u00e9ressant.<\/p>\n","protected":false},"author":1,"featured_media":0,"comment_status":"open","ping_status":"open","sticky":false,"template":"","format":"standard","meta":{"footnotes":""},"categories":[6,5,3],"tags":[],"class_list":["post-2810","post","type-post","status-publish","format-standard","hentry","category-air-du-temps","category-artistique","category-creativite"],"acf":[],"_links":{"self":[{"href":"https:\/\/gycouture.com\/blogue\/index.php?rest_route=\/wp\/v2\/posts\/2810","targetHints":{"allow":["GET"]}}],"collection":[{"href":"https:\/\/gycouture.com\/blogue\/index.php?rest_route=\/wp\/v2\/posts"}],"about":[{"href":"https:\/\/gycouture.com\/blogue\/index.php?rest_route=\/wp\/v2\/types\/post"}],"author":[{"embeddable":true,"href":"https:\/\/gycouture.com\/blogue\/index.php?rest_route=\/wp\/v2\/users\/1"}],"replies":[{"embeddable":true,"href":"https:\/\/gycouture.com\/blogue\/index.php?rest_route=%2Fwp%2Fv2%2Fcomments&post=2810"}],"version-history":[{"count":0,"href":"https:\/\/gycouture.com\/blogue\/index.php?rest_route=\/wp\/v2\/posts\/2810\/revisions"}],"wp:attachment":[{"href":"https:\/\/gycouture.com\/blogue\/index.php?rest_route=%2Fwp%2Fv2%2Fmedia&parent=2810"}],"wp:term":[{"taxonomy":"category","embeddable":true,"href":"https:\/\/gycouture.com\/blogue\/index.php?rest_route=%2Fwp%2Fv2%2Fcategories&post=2810"},{"taxonomy":"post_tag","embeddable":true,"href":"https:\/\/gycouture.com\/blogue\/index.php?rest_route=%2Fwp%2Fv2%2Ftags&post=2810"}],"curies":[{"name":"wp","href":"https:\/\/api.w.org\/{rel}","templated":true}]}}