{"id":2802,"date":"2009-02-11T13:15:00","date_gmt":"2009-02-11T13:15:00","guid":{"rendered":"https:\/\/gycouture.com\/blogue\/index.php\/2009\/02\/11\/le-droit-dauteur-dans-lactualite\/"},"modified":"2009-02-11T13:15:00","modified_gmt":"2009-02-11T13:15:00","slug":"le-droit-dauteur-dans-lactualite","status":"publish","type":"post","link":"https:\/\/gycouture.com\/blogue\/?p=2802","title":{"rendered":"le droit d&rsquo;auteur dans l&rsquo;actualit\u00e9"},"content":{"rendered":"<p><a href=\"https:\/\/blogger.googleusercontent.com\/img\/b\/R29vZ2xl\/AVvXsEi9NHPYQXZccZ2uDM7RkSxBi16W6zkAKXehOxglmnLbyBMRI3r3SGJQd1Y3B3Aw8caidL_bsVsjngrXAAUhO7qoyp7WErKbdnMnpVnu6mGdLvlIOYimECzEU3y4W7QZt9eJejkm\/s1600-h\/46801-1.jpg\"><img decoding=\"async\" style=\"display:block; margin:0px auto 10px; text-align:center;cursor:pointer; cursor:hand;width: 388px; height: 265px;\" src=\"https:\/\/blogger.googleusercontent.com\/img\/b\/R29vZ2xl\/AVvXsEi9NHPYQXZccZ2uDM7RkSxBi16W6zkAKXehOxglmnLbyBMRI3r3SGJQd1Y3B3Aw8caidL_bsVsjngrXAAUhO7qoyp7WErKbdnMnpVnu6mGdLvlIOYimECzEU3y4W7QZt9eJejkm\/s400\/46801-1.jpg\" border=\"0\" alt=\"\"id=\"BLOGGER_PHOTO_ID_5301528643447094562\" \/><\/a>mes \u00e9tudiants me questionnent souvent ce qu&rsquo;est le droit d&rsquo;auteur exactement, jusqu&rsquo;o\u00f9 \u00e7a va. nous avons acc\u00e8s \u00e0 tellement d&rsquo;images de nos jours.<\/p>\n<p>nous avons tous vu et revu cette affiche d&rsquo;obama pendant la campagne \u00e9lectorale am\u00e9ricaine. cette image de shepard fairey, artiste am\u00e9ricain, est faite \u00e0 partir d&rsquo;une photo de manny garcia de l&rsquo;associated press. en fait on connait la provenance de la photo depuis peu. l&rsquo;associated press elle-m\u00eame avoue l&rsquo;avoir d\u00e9couvert r\u00e9cemment.<\/p>\n<p>en r\u00e8gle g\u00e9n\u00e9rale, si l&rsquo;artiste (ici le photographe) ne reconna\u00eet pas son oeuvre, l&rsquo;image devient propri\u00e9t\u00e9 de la personne qui l&rsquo;a transform\u00e9e. mais o\u00f9 commence et o\u00f9 fini le droit d&rsquo;auteur dans ce cas ? belle question, beau d\u00e9bat. \u00e7a se r\u00e9glera peut-\u00eatre en cour cette fois-ci.<\/p>\n<p><a href=\"http:\/\/www.ledevoir.com\/2009\/02\/11\/232966.html?fe=6101&amp;fp=19280&amp;fr=132270\" target=\"_blank\">on en parle ici<\/a>.  et un peu partout dans la presse. \u00e0 suivre<\/p>\n","protected":false},"excerpt":{"rendered":"<p>mes \u00e9tudiants me questionnent souvent ce qu&rsquo;est le droit d&rsquo;auteur exactement, jusqu&rsquo;o\u00f9 \u00e7a va. nous avons acc\u00e8s \u00e0 tellement d&rsquo;images de nos jours. nous avons tous vu et revu cette affiche d&rsquo;obama pendant la campagne \u00e9lectorale am\u00e9ricaine. cette image de shepard fairey, artiste am\u00e9ricain, est faite \u00e0 partir d&rsquo;une photo de manny garcia de l&rsquo;associated press. en fait on connait la provenance de la photo depuis peu. l&rsquo;associated press elle-m\u00eame avoue l&rsquo;avoir d\u00e9couvert r\u00e9cemment. en r\u00e8gle g\u00e9n\u00e9rale, si l&rsquo;artiste (ici le photographe) ne reconna\u00eet pas son oeuvre, l&rsquo;image devient propri\u00e9t\u00e9 de la personne qui l&rsquo;a transform\u00e9e. mais o\u00f9 commence et o\u00f9 fini le droit d&rsquo;auteur dans ce cas ? belle question, beau d\u00e9bat. \u00e7a se r\u00e9glera peut-\u00eatre en cour cette fois-ci. on en parle ici. et un peu partout dans la presse. \u00e0 suivre<\/p>\n","protected":false},"author":1,"featured_media":0,"comment_status":"open","ping_status":"open","sticky":false,"template":"","format":"standard","meta":{"footnotes":""},"categories":[6,10],"tags":[],"class_list":["post-2802","post","type-post","status-publish","format-standard","hentry","category-air-du-temps","category-point-de-vue"],"acf":[],"_links":{"self":[{"href":"https:\/\/gycouture.com\/blogue\/index.php?rest_route=\/wp\/v2\/posts\/2802","targetHints":{"allow":["GET"]}}],"collection":[{"href":"https:\/\/gycouture.com\/blogue\/index.php?rest_route=\/wp\/v2\/posts"}],"about":[{"href":"https:\/\/gycouture.com\/blogue\/index.php?rest_route=\/wp\/v2\/types\/post"}],"author":[{"embeddable":true,"href":"https:\/\/gycouture.com\/blogue\/index.php?rest_route=\/wp\/v2\/users\/1"}],"replies":[{"embeddable":true,"href":"https:\/\/gycouture.com\/blogue\/index.php?rest_route=%2Fwp%2Fv2%2Fcomments&post=2802"}],"version-history":[{"count":0,"href":"https:\/\/gycouture.com\/blogue\/index.php?rest_route=\/wp\/v2\/posts\/2802\/revisions"}],"wp:attachment":[{"href":"https:\/\/gycouture.com\/blogue\/index.php?rest_route=%2Fwp%2Fv2%2Fmedia&parent=2802"}],"wp:term":[{"taxonomy":"category","embeddable":true,"href":"https:\/\/gycouture.com\/blogue\/index.php?rest_route=%2Fwp%2Fv2%2Fcategories&post=2802"},{"taxonomy":"post_tag","embeddable":true,"href":"https:\/\/gycouture.com\/blogue\/index.php?rest_route=%2Fwp%2Fv2%2Ftags&post=2802"}],"curies":[{"name":"wp","href":"https:\/\/api.w.org\/{rel}","templated":true}]}}