{"id":280,"date":"2023-06-02T15:00:00","date_gmt":"2023-06-02T15:00:00","guid":{"rendered":"https:\/\/gycouture.com\/blogue\/index.php\/2023\/06\/02\/travailler-petit\/"},"modified":"2023-06-02T15:00:00","modified_gmt":"2023-06-02T15:00:00","slug":"travailler-petit","status":"publish","type":"post","link":"https:\/\/gycouture.com\/blogue\/?p=280","title":{"rendered":"travailler petit"},"content":{"rendered":"<\/p>\n<div style=\"clear: both; text-align: center;\"><a href=\"https:\/\/blogger.googleusercontent.com\/img\/b\/R29vZ2xl\/AVvXsEjFMaF-P0dlewaL_Nh-jKuHpuALPBbHdRhOR1xelcnRFeuLQI5e_6TnvqMWKf6acJod_iYnavhBxjEXs3j18eDk63fYf3zJ7YvIR0IqUDm4AZZZAm40YcPP5wYv-OpsWOGhDO7YWeV94F7nZaDys0rYDsJ4EzxvvJz-WioFKXQKOe7yGgA\/s800\/2_guylaine_couture.jpg\" style=\"clear: left; float: left; margin-bottom: 1em; margin-right: 1em;\"><img decoding=\"async\" border=\"0\" data-original-height=\"400\" data-original-width=\"800\" src=\"https:\/\/blogger.googleusercontent.com\/img\/b\/R29vZ2xl\/AVvXsEjFMaF-P0dlewaL_Nh-jKuHpuALPBbHdRhOR1xelcnRFeuLQI5e_6TnvqMWKf6acJod_iYnavhBxjEXs3j18eDk63fYf3zJ7YvIR0IqUDm4AZZZAm40YcPP5wYv-OpsWOGhDO7YWeV94F7nZaDys0rYDsJ4EzxvvJz-WioFKXQKOe7yGgA\/s16000\/2_guylaine_couture.jpg\" \/><\/a><\/div>\n<\/p>\n<p>pour certaines personnes, le format de cr\u00e9ation n&rsquo;est pas si important. Pourquoi travaille-t-on sur des petits formats ou sur des tr\u00e8s grandes surfaces? je me suis toujours un peu pos\u00e9 la question. parfois je me dis que c&rsquo;est en lien avec l&rsquo;espace disponible, mais peut-\u00eatre pas&#8230;<\/p>\n<p><\/p>\n<p>aujourd&rsquo;hui, des oeuvres de tous petits formats.<\/p>\n<p>&nbsp;<\/p>\n<p>d&rsquo;abord <a href=\"https:\/\/www.instagram.com\/p\/CstsDKoIB09\/\" target=\"_blank\">le livre magnifique de <\/a><span dir=\"auto\"><a href=\"https:\/\/www.instagram.com\/p\/CstsDKoIB09\/\" target=\"_blank\">Ulrike Wamprecht<\/a>, artiste allemande. elle nous invite \u00e0 parcourir son petit livre tr\u00e8s organique riche de texture, de couleur et de mat\u00e9riaux divers. on entre dans cet univers de collage, dessin et ajouts de toutes sortes. un exercice \u00e0 faire plus souvent pour prendre des libert\u00e9s et faire des essais.<\/span><\/p>\n<p><span dir=\"auto\">&nbsp;<\/span><\/p>\n<p><a href=\"https:\/\/www.instagram.com\/p\/CsDzdXiIMpp\/\" target=\"_blank\"><span dir=\"auto\">sur ce lien, l&rsquo;artiste<\/span><\/a><span dir=\"auto\"><a href=\"https:\/\/www.instagram.com\/p\/CsDzdXiIMpp\/\" target=\"_blank\"> Eva  Kalien<\/a> cr\u00e9\u00e9 devant nous dans son tout petit cahier une page de plus en collage de divers papiers. Elle travaille avec de l&rsquo;encre et d&rsquo;autres mat\u00e9riaux. vous trouverez plusieurs vid\u00e9os o\u00f9 on la voit travailler sur sa page instagram. inspirant.<br \/><\/span><\/p>\n","protected":false},"excerpt":{"rendered":"<p>pour certaines personnes, le format de cr\u00e9ation n&rsquo;est pas si important. Pourquoi travaille-t-on sur des petits formats ou sur des tr\u00e8s grandes surfaces? je me suis toujours un peu pos\u00e9 la question. parfois je me dis que c&rsquo;est en lien avec l&rsquo;espace disponible, mais peut-\u00eatre pas&#8230; aujourd&rsquo;hui, des oeuvres de tous petits formats. &nbsp; d&rsquo;abord le livre magnifique de Ulrike Wamprecht, artiste allemande. elle nous invite \u00e0 parcourir son petit livre tr\u00e8s organique riche de texture, de couleur et de mat\u00e9riaux divers. on entre dans cet univers de collage, dessin et ajouts de toutes sortes. un exercice \u00e0 faire plus souvent pour prendre des libert\u00e9s et faire des essais. &nbsp; sur ce lien, l&rsquo;artiste Eva Kalien cr\u00e9\u00e9 devant nous dans son tout petit cahier une page de plus en collage de divers papiers. Elle travaille avec de l&rsquo;encre et d&rsquo;autres mat\u00e9riaux. vous trouverez plusieurs vid\u00e9os o\u00f9 on la voit travailler sur sa page instagram. inspirant.<\/p>\n","protected":false},"author":1,"featured_media":0,"comment_status":"open","ping_status":"open","sticky":false,"template":"","format":"standard","meta":{"footnotes":""},"categories":[6,5,3],"tags":[],"class_list":["post-280","post","type-post","status-publish","format-standard","hentry","category-air-du-temps","category-artistique","category-creativite"],"acf":[],"_links":{"self":[{"href":"https:\/\/gycouture.com\/blogue\/index.php?rest_route=\/wp\/v2\/posts\/280","targetHints":{"allow":["GET"]}}],"collection":[{"href":"https:\/\/gycouture.com\/blogue\/index.php?rest_route=\/wp\/v2\/posts"}],"about":[{"href":"https:\/\/gycouture.com\/blogue\/index.php?rest_route=\/wp\/v2\/types\/post"}],"author":[{"embeddable":true,"href":"https:\/\/gycouture.com\/blogue\/index.php?rest_route=\/wp\/v2\/users\/1"}],"replies":[{"embeddable":true,"href":"https:\/\/gycouture.com\/blogue\/index.php?rest_route=%2Fwp%2Fv2%2Fcomments&post=280"}],"version-history":[{"count":0,"href":"https:\/\/gycouture.com\/blogue\/index.php?rest_route=\/wp\/v2\/posts\/280\/revisions"}],"wp:attachment":[{"href":"https:\/\/gycouture.com\/blogue\/index.php?rest_route=%2Fwp%2Fv2%2Fmedia&parent=280"}],"wp:term":[{"taxonomy":"category","embeddable":true,"href":"https:\/\/gycouture.com\/blogue\/index.php?rest_route=%2Fwp%2Fv2%2Fcategories&post=280"},{"taxonomy":"post_tag","embeddable":true,"href":"https:\/\/gycouture.com\/blogue\/index.php?rest_route=%2Fwp%2Fv2%2Ftags&post=280"}],"curies":[{"name":"wp","href":"https:\/\/api.w.org\/{rel}","templated":true}]}}