{"id":2781,"date":"2009-03-17T13:50:00","date_gmt":"2009-03-17T13:50:00","guid":{"rendered":"https:\/\/gycouture.com\/blogue\/index.php\/2009\/03\/17\/le-temps-est-une-perception\/"},"modified":"2009-03-17T13:50:00","modified_gmt":"2009-03-17T13:50:00","slug":"le-temps-est-une-perception","status":"publish","type":"post","link":"https:\/\/gycouture.com\/blogue\/?p=2781","title":{"rendered":"le temps est une perception"},"content":{"rendered":"<p><a href=\"https:\/\/blogger.googleusercontent.com\/img\/b\/R29vZ2xl\/AVvXsEgsdTEYtRdLSEO5B2rFMluKb6a6fuLzijfDQp4SoG95Ejomkd9xA7LVj41i9TbnrCsReeZ7lNImYg1p0OhDz3mvugEO0CRkS-oIDjzlDpDb-z93pUtwGAbPSuNulOZweTmvbhjF\/s1600-h\/1133439___time__.jpg\"><img decoding=\"async\" style=\"float:right; margin:0 0 10px 10px;cursor:pointer; cursor:hand;width: 200px; height: 154px;\" src=\"https:\/\/blogger.googleusercontent.com\/img\/b\/R29vZ2xl\/AVvXsEgsdTEYtRdLSEO5B2rFMluKb6a6fuLzijfDQp4SoG95Ejomkd9xA7LVj41i9TbnrCsReeZ7lNImYg1p0OhDz3mvugEO0CRkS-oIDjzlDpDb-z93pUtwGAbPSuNulOZweTmvbhjF\/s400\/1133439___time__.jpg\" border=\"0\" alt=\"\"id=\"BLOGGER_PHOTO_ID_5314154305336311858\" \/><\/a>qu&rsquo;est-ce que l&rsquo;on entend par la longueur du temps qui passe? <\/p>\n<p>je re\u00e7ois les bulletins de linda naiman r\u00e9guli\u00e8rement. coach en cr\u00e9ativit\u00e9 \u00e0 vancouver, elle couvre le sujet de bien diverses fa\u00e7ons. <\/p>\n<p>j&rsquo;ai bien aim\u00e9 un passage sur le temps dans <a href=\"http:\/\/www.creativityatwork.com\/blog\/2009\/03\/12\/newsletter-3\/\" target=\"_blank\">sa derni\u00e8re \u00e9dition<\/a>. elle nous rapporte que selon brian eno, il y a une grande diff\u00e9rence entre new york et l&rsquo;angleterre.<\/p>\n<p>saviez-vous qu&rsquo;il y a m\u00eame un organisme am\u00e9ricain qui travaille sur le \u00ab\u00a0\u00bbslower\/better\u00a0\u00bb thinking\u00bb. elle en parle aussi.<\/p>\n<p>je vous en cite un passage qui vous donnera exactement l&rsquo;id\u00e9e : \u00abAt a recent workshop on whole-brain thinking I asked a group of managers to listen to a piece of Baroque music, then tell me what they experienced. Most of them thought the piece went on too long and they were somewhat bored by it. When I told them the piece was only three minutes long, they were surprised. When I asked them to paint what they heard as I played the same piece again, they complained the music ended too fast and they barely had enough time to finish.\u00bb<\/p>\n<p>prenez conscience du temps qui passe et essayez de l&rsquo;utiliser judicieusement et de l&rsquo;appr\u00e9cier compl\u00e8tement. doit-on absolument toujours courir apr\u00e8s quelque chose?<\/p>\n","protected":false},"excerpt":{"rendered":"<p>qu&rsquo;est-ce que l&rsquo;on entend par la longueur du temps qui passe? je re\u00e7ois les bulletins de linda naiman r\u00e9guli\u00e8rement. coach en cr\u00e9ativit\u00e9 \u00e0 vancouver, elle couvre le sujet de bien diverses fa\u00e7ons. j&rsquo;ai bien aim\u00e9 un passage sur le temps dans sa derni\u00e8re \u00e9dition. elle nous rapporte que selon brian eno, il y a une grande diff\u00e9rence entre new york et l&rsquo;angleterre. saviez-vous qu&rsquo;il y a m\u00eame un organisme am\u00e9ricain qui travaille sur le \u00ab\u00a0\u00bbslower\/better\u00a0\u00bb thinking\u00bb. elle en parle aussi. je vous en cite un passage qui vous donnera exactement l&rsquo;id\u00e9e : \u00abAt a recent workshop on whole-brain thinking I asked a group of managers to listen to a piece of Baroque music, then tell me what they experienced. Most of them thought the piece went on too long and they were somewhat bored by it. When I told them the piece was only three minutes long, they were surprised. When I asked them to paint what they heard as I played the same piece again, they complained the music ended too fast and they barely had enough time to finish.\u00bb prenez conscience du temps qui passe et essayez de l&rsquo;utiliser judicieusement et de l&rsquo;appr\u00e9cier compl\u00e8tement. doit-on absolument toujours courir apr\u00e8s quelque chose?<\/p>\n","protected":false},"author":1,"featured_media":0,"comment_status":"open","ping_status":"open","sticky":false,"template":"","format":"standard","meta":{"footnotes":""},"categories":[6,10],"tags":[],"class_list":["post-2781","post","type-post","status-publish","format-standard","hentry","category-air-du-temps","category-point-de-vue"],"acf":[],"_links":{"self":[{"href":"https:\/\/gycouture.com\/blogue\/index.php?rest_route=\/wp\/v2\/posts\/2781","targetHints":{"allow":["GET"]}}],"collection":[{"href":"https:\/\/gycouture.com\/blogue\/index.php?rest_route=\/wp\/v2\/posts"}],"about":[{"href":"https:\/\/gycouture.com\/blogue\/index.php?rest_route=\/wp\/v2\/types\/post"}],"author":[{"embeddable":true,"href":"https:\/\/gycouture.com\/blogue\/index.php?rest_route=\/wp\/v2\/users\/1"}],"replies":[{"embeddable":true,"href":"https:\/\/gycouture.com\/blogue\/index.php?rest_route=%2Fwp%2Fv2%2Fcomments&post=2781"}],"version-history":[{"count":0,"href":"https:\/\/gycouture.com\/blogue\/index.php?rest_route=\/wp\/v2\/posts\/2781\/revisions"}],"wp:attachment":[{"href":"https:\/\/gycouture.com\/blogue\/index.php?rest_route=%2Fwp%2Fv2%2Fmedia&parent=2781"}],"wp:term":[{"taxonomy":"category","embeddable":true,"href":"https:\/\/gycouture.com\/blogue\/index.php?rest_route=%2Fwp%2Fv2%2Fcategories&post=2781"},{"taxonomy":"post_tag","embeddable":true,"href":"https:\/\/gycouture.com\/blogue\/index.php?rest_route=%2Fwp%2Fv2%2Ftags&post=2781"}],"curies":[{"name":"wp","href":"https:\/\/api.w.org\/{rel}","templated":true}]}}