{"id":2721,"date":"2009-07-02T12:40:00","date_gmt":"2009-07-02T12:40:00","guid":{"rendered":"https:\/\/gycouture.com\/blogue\/index.php\/2009\/07\/02\/un-film-sur-les-objets-penses-qui-nous-entourent\/"},"modified":"2009-07-02T12:40:00","modified_gmt":"2009-07-02T12:40:00","slug":"un-film-sur-les-objets-penses-qui-nous-entourent","status":"publish","type":"post","link":"https:\/\/gycouture.com\/blogue\/?p=2721","title":{"rendered":"un film sur les objets \u00abpens\u00e9s\u00bb qui nous entourent"},"content":{"rendered":"<p><a href=\"https:\/\/blogger.googleusercontent.com\/img\/b\/R29vZ2xl\/AVvXsEj1Na4tIK3zZuxoOC6y6fqmQ_Na-Kp5UgGEX1DgeNx5MdTCXUBi1_9eq1xyRteq-BvDsozIXZs3vRPwABfYATYFBMwbomOBvmSUf-Oa41aoIs8eCydbPUwhXw1PEZha5Ymte_fF\/s1600-h\/le_film.jpg\"><img decoding=\"async\" style=\"float:right; margin:0 0 10px 10px;cursor:pointer; cursor:hand;width: 200px; height: 147px;\" src=\"https:\/\/blogger.googleusercontent.com\/img\/b\/R29vZ2xl\/AVvXsEj1Na4tIK3zZuxoOC6y6fqmQ_Na-Kp5UgGEX1DgeNx5MdTCXUBi1_9eq1xyRteq-BvDsozIXZs3vRPwABfYATYFBMwbomOBvmSUf-Oa41aoIs8eCydbPUwhXw1PEZha5Ymte_fF\/s400\/le_film.jpg\" border=\"0\" alt=\"\"id=\"BLOGGER_PHOTO_ID_5350516868868793762\" \/><\/a>bient\u00f4t sur nos \u00e9crans, et pour sans doute pas tr\u00e8s longtemps, le film \u00ab<a href=\"http:\/\/www.objectifiedfilm.com\/\" target=\"_blank\">Objectified<\/a>\u00bb, qui porte sur la conception et la production de quelques objets qui nous entourent. selon l&rsquo;extrait, les designers expliquent leur processus. du m\u00eame r\u00e9alisateur que le film \u00abhelvetica\u00bb, ce documentaire devrait \u00eatre vraiment int\u00e9ressant.<\/p>\n<p>au <a href=\"http:\/\/www.cinemaduparc.com\/prochainement.php?id=obj#top\" target=\"_blank\">cin\u00e9ma du parc <\/a>\u00e0 partir du 3 juillet.<\/p>\n<p>via <a href=\"http:\/\/www.kollectif.net\/?p=6236\" target=\"_blank\">kollectif.net<\/a><\/p>\n","protected":false},"excerpt":{"rendered":"<p>bient\u00f4t sur nos \u00e9crans, et pour sans doute pas tr\u00e8s longtemps, le film \u00abObjectified\u00bb, qui porte sur la conception et la production de quelques objets qui nous entourent. selon l&rsquo;extrait, les designers expliquent leur processus. du m\u00eame r\u00e9alisateur que le film \u00abhelvetica\u00bb, ce documentaire devrait \u00eatre vraiment int\u00e9ressant. au cin\u00e9ma du parc \u00e0 partir du 3 juillet. via kollectif.net<\/p>\n","protected":false},"author":1,"featured_media":0,"comment_status":"open","ping_status":"open","sticky":false,"template":"","format":"standard","meta":{"footnotes":""},"categories":[6,3,11],"tags":[],"class_list":["post-2721","post","type-post","status-publish","format-standard","hentry","category-air-du-temps","category-creativite","category-sorties"],"acf":[],"_links":{"self":[{"href":"https:\/\/gycouture.com\/blogue\/index.php?rest_route=\/wp\/v2\/posts\/2721","targetHints":{"allow":["GET"]}}],"collection":[{"href":"https:\/\/gycouture.com\/blogue\/index.php?rest_route=\/wp\/v2\/posts"}],"about":[{"href":"https:\/\/gycouture.com\/blogue\/index.php?rest_route=\/wp\/v2\/types\/post"}],"author":[{"embeddable":true,"href":"https:\/\/gycouture.com\/blogue\/index.php?rest_route=\/wp\/v2\/users\/1"}],"replies":[{"embeddable":true,"href":"https:\/\/gycouture.com\/blogue\/index.php?rest_route=%2Fwp%2Fv2%2Fcomments&post=2721"}],"version-history":[{"count":0,"href":"https:\/\/gycouture.com\/blogue\/index.php?rest_route=\/wp\/v2\/posts\/2721\/revisions"}],"wp:attachment":[{"href":"https:\/\/gycouture.com\/blogue\/index.php?rest_route=%2Fwp%2Fv2%2Fmedia&parent=2721"}],"wp:term":[{"taxonomy":"category","embeddable":true,"href":"https:\/\/gycouture.com\/blogue\/index.php?rest_route=%2Fwp%2Fv2%2Fcategories&post=2721"},{"taxonomy":"post_tag","embeddable":true,"href":"https:\/\/gycouture.com\/blogue\/index.php?rest_route=%2Fwp%2Fv2%2Ftags&post=2721"}],"curies":[{"name":"wp","href":"https:\/\/api.w.org\/{rel}","templated":true}]}}