{"id":2695,"date":"2009-08-25T16:58:00","date_gmt":"2009-08-25T16:58:00","guid":{"rendered":"https:\/\/gycouture.com\/blogue\/index.php\/2009\/08\/25\/le-temps-devant-lecran\/"},"modified":"2009-08-25T16:58:00","modified_gmt":"2009-08-25T16:58:00","slug":"le-temps-devant-lecran","status":"publish","type":"post","link":"https:\/\/gycouture.com\/blogue\/?p=2695","title":{"rendered":"le temps devant l&rsquo;\u00e9cran"},"content":{"rendered":"<p><a href=\"https:\/\/blogger.googleusercontent.com\/img\/b\/R29vZ2xl\/AVvXsEgxMFgC34hF0fiYeZb3HIxAguMNi-2TlBiZc0VtotEtV5Iz0E74LulKQ8cp6FeWuDGF_dzEvor8GUoIkN30u8T2NLPE_Cy0Ggh0KUIkGNw0JpiZwZHRCRMUY4D24lbvi0sqByMV\/s1600-h\/by_media_diet_f.jpg\"><img decoding=\"async\" style=\"display:block; margin:0px auto 10px; text-align:center;cursor:pointer; cursor:hand;width: 340px; height: 398px;\" src=\"https:\/\/blogger.googleusercontent.com\/img\/b\/R29vZ2xl\/AVvXsEgxMFgC34hF0fiYeZb3HIxAguMNi-2TlBiZc0VtotEtV5Iz0E74LulKQ8cp6FeWuDGF_dzEvor8GUoIkN30u8T2NLPE_Cy0Ggh0KUIkGNw0JpiZwZHRCRMUY4D24lbvi0sqByMV\/s400\/by_media_diet_f.jpg\" border=\"0\" alt=\"\"id=\"BLOGGER_PHOTO_ID_5373949066752044082\" \/><\/a><br \/>on passe un temps fou devant cet \u00e9cran, \u00e0 lire, \u00e0 \u00e9crire, \u00e0 s&rsquo;informer et \u00e0 perdre du temps aussi. c&rsquo;est comme une relation \u00abamour-haine\u00bb quelques fois.<\/p>\n<p>j&rsquo;ai trouv\u00e9 <a href=\"http:\/\/www.wired.com\/culture\/lifestyle\/magazine\/17-08\/by_media_diet#\" target=\"_blank\">ce graphique sur wired<\/a> qui donne une id\u00e9e du temps que l&rsquo;on passe devant les divers \u00e9crans de notre vie. \u00e9clairant. <br \/>9h\/jour au total&#8230; nous reste-il du temps pour appr\u00e9cier la vie en temps r\u00e9el? travailler \u00e0 r\u00e9aliser nos r\u00eaves? \u00e0 penser aux autres?<\/p>\n","protected":false},"excerpt":{"rendered":"<p>on passe un temps fou devant cet \u00e9cran, \u00e0 lire, \u00e0 \u00e9crire, \u00e0 s&rsquo;informer et \u00e0 perdre du temps aussi. c&rsquo;est comme une relation \u00abamour-haine\u00bb quelques fois. j&rsquo;ai trouv\u00e9 ce graphique sur wired qui donne une id\u00e9e du temps que l&rsquo;on passe devant les divers \u00e9crans de notre vie. \u00e9clairant. 9h\/jour au total&#8230; nous reste-il du temps pour appr\u00e9cier la vie en temps r\u00e9el? travailler \u00e0 r\u00e9aliser nos r\u00eaves? \u00e0 penser aux autres?<\/p>\n","protected":false},"author":1,"featured_media":0,"comment_status":"open","ping_status":"open","sticky":false,"template":"","format":"standard","meta":{"footnotes":""},"categories":[6],"tags":[],"class_list":["post-2695","post","type-post","status-publish","format-standard","hentry","category-air-du-temps"],"acf":[],"_links":{"self":[{"href":"https:\/\/gycouture.com\/blogue\/index.php?rest_route=\/wp\/v2\/posts\/2695","targetHints":{"allow":["GET"]}}],"collection":[{"href":"https:\/\/gycouture.com\/blogue\/index.php?rest_route=\/wp\/v2\/posts"}],"about":[{"href":"https:\/\/gycouture.com\/blogue\/index.php?rest_route=\/wp\/v2\/types\/post"}],"author":[{"embeddable":true,"href":"https:\/\/gycouture.com\/blogue\/index.php?rest_route=\/wp\/v2\/users\/1"}],"replies":[{"embeddable":true,"href":"https:\/\/gycouture.com\/blogue\/index.php?rest_route=%2Fwp%2Fv2%2Fcomments&post=2695"}],"version-history":[{"count":0,"href":"https:\/\/gycouture.com\/blogue\/index.php?rest_route=\/wp\/v2\/posts\/2695\/revisions"}],"wp:attachment":[{"href":"https:\/\/gycouture.com\/blogue\/index.php?rest_route=%2Fwp%2Fv2%2Fmedia&parent=2695"}],"wp:term":[{"taxonomy":"category","embeddable":true,"href":"https:\/\/gycouture.com\/blogue\/index.php?rest_route=%2Fwp%2Fv2%2Fcategories&post=2695"},{"taxonomy":"post_tag","embeddable":true,"href":"https:\/\/gycouture.com\/blogue\/index.php?rest_route=%2Fwp%2Fv2%2Ftags&post=2695"}],"curies":[{"name":"wp","href":"https:\/\/api.w.org\/{rel}","templated":true}]}}