{"id":2670,"date":"2009-10-04T21:00:00","date_gmt":"2009-10-04T21:00:00","guid":{"rendered":"https:\/\/gycouture.com\/blogue\/index.php\/2009\/10\/04\/photoshop-et-la-retouche-excessive\/"},"modified":"2009-10-04T21:00:00","modified_gmt":"2009-10-04T21:00:00","slug":"photoshop-et-la-retouche-excessive","status":"publish","type":"post","link":"https:\/\/gycouture.com\/blogue\/?p=2670","title":{"rendered":"photoshop et la retouche excessive"},"content":{"rendered":"<p><a href=\"https:\/\/blogger.googleusercontent.com\/img\/b\/R29vZ2xl\/AVvXsEjHKz5cNszaZswloxeTRiTALvQLktBGlxC3Ar70t3ZCMnK0GeNDZqXYRc8LwX7hleg81-qzexkYyKQ_ucdk7sSRfukyRsr7RlaaCMbtYLe61IYUmYbamDaM09usqCj6e5yad9iq\/s1600-h\/retouche.jpg\"><img decoding=\"async\" style=\"display:block; margin:0px auto 10px; text-align:center;cursor:pointer; cursor:hand;width: 398px; height: 297px;\" src=\"https:\/\/blogger.googleusercontent.com\/img\/b\/R29vZ2xl\/AVvXsEjHKz5cNszaZswloxeTRiTALvQLktBGlxC3Ar70t3ZCMnK0GeNDZqXYRc8LwX7hleg81-qzexkYyKQ_ucdk7sSRfukyRsr7RlaaCMbtYLe61IYUmYbamDaM09usqCj6e5yad9iq\/s400\/retouche.jpg\" border=\"0\" alt=\"\"id=\"BLOGGER_PHOTO_ID_5388854580761189906\" \/><\/a><br \/>qui aurait pens\u00e9 qu&rsquo;il faudrait un jour indiquer sur une photo qu&rsquo;elle a \u00e9t\u00e9 retouch\u00e9e? et pourtant, la france (par valerie boyer) y va d&rsquo;un projet de loi. <br \/>bonne nouvelle \u00e0 mon avis! d&rsquo;un cot\u00e9, la recherche de la perfection chez certains, de l&rsquo;autre, les performances de photoshop. si on met ensemble ces deux parties on arrive trop souvent \u00e0 du pur d\u00e9lire, et pas n\u00e9cessairement dans le bon sens. <\/p>\n<p>dove avait fait un <a href=\"http:\/\/www.initiativevraiebeaute.ca\/dsef07\/t5.aspx?id=9480&amp;filmno=1\" target=\"_blank\">film d\u00e9monstratif l\u00e0-dessus<\/a> et maintenant un gouvernement s&rsquo;en m\u00eale. on parle ici de retoucher les photos dites \u00abcorporelles\u00bb, mais la retouche est partout: voiture, alimentation, cin\u00e9ma, etc.<\/p>\n<p>cette pratique rend les photos vides d&rsquo;\u00e9motion \u00e0 mon avis et ne r\u00e9pond pas \u00e0 nos rep\u00e8res de la vie courante.  quand je regarde des magazines de mode des ann\u00e9es 80, il y a toute une diff\u00e9rence. oui, on retouchait aussi les images \u00e0 ce moment-l\u00e0, mais on ne d\u00e9naturait pas la photo comme on le fait trop facilement aujourd&rsquo;hui. dossier \u00e0 suivre !<\/p>\n<p>plusieurs <a href=\"http:\/\/pratiqueprofessionnelle.blogspot.com\/2009\/09\/la-france-versus-photoshop.html\" target=\"_blank\">liens int\u00e9ressants sur cette histoire<\/a> par martin benoit.<\/p>\n<p>et <a href=\"http:\/\/www.digitalphotoshopretouching.com\/retouching.htm\" target=\"_blank\">plusieurs exemples \u00abavant-apr\u00e8s\u00bb<\/a> comme l&rsquo;image ci-haut.<\/p>\n","protected":false},"excerpt":{"rendered":"<p>qui aurait pens\u00e9 qu&rsquo;il faudrait un jour indiquer sur une photo qu&rsquo;elle a \u00e9t\u00e9 retouch\u00e9e? et pourtant, la france (par valerie boyer) y va d&rsquo;un projet de loi. bonne nouvelle \u00e0 mon avis! d&rsquo;un cot\u00e9, la recherche de la perfection chez certains, de l&rsquo;autre, les performances de photoshop. si on met ensemble ces deux parties on arrive trop souvent \u00e0 du pur d\u00e9lire, et pas n\u00e9cessairement dans le bon sens. dove avait fait un film d\u00e9monstratif l\u00e0-dessus et maintenant un gouvernement s&rsquo;en m\u00eale. on parle ici de retoucher les photos dites \u00abcorporelles\u00bb, mais la retouche est partout: voiture, alimentation, cin\u00e9ma, etc. cette pratique rend les photos vides d&rsquo;\u00e9motion \u00e0 mon avis et ne r\u00e9pond pas \u00e0 nos rep\u00e8res de la vie courante. quand je regarde des magazines de mode des ann\u00e9es 80, il y a toute une diff\u00e9rence. oui, on retouchait aussi les images \u00e0 ce moment-l\u00e0, mais on ne d\u00e9naturait pas la photo comme on le fait trop facilement aujourd&rsquo;hui. dossier \u00e0 suivre ! plusieurs liens int\u00e9ressants sur cette histoire par martin benoit. et plusieurs exemples \u00abavant-apr\u00e8s\u00bb comme l&rsquo;image ci-haut.<\/p>\n","protected":false},"author":1,"featured_media":0,"comment_status":"open","ping_status":"open","sticky":false,"template":"","format":"standard","meta":{"footnotes":""},"categories":[6,10],"tags":[],"class_list":["post-2670","post","type-post","status-publish","format-standard","hentry","category-air-du-temps","category-point-de-vue"],"acf":[],"_links":{"self":[{"href":"https:\/\/gycouture.com\/blogue\/index.php?rest_route=\/wp\/v2\/posts\/2670","targetHints":{"allow":["GET"]}}],"collection":[{"href":"https:\/\/gycouture.com\/blogue\/index.php?rest_route=\/wp\/v2\/posts"}],"about":[{"href":"https:\/\/gycouture.com\/blogue\/index.php?rest_route=\/wp\/v2\/types\/post"}],"author":[{"embeddable":true,"href":"https:\/\/gycouture.com\/blogue\/index.php?rest_route=\/wp\/v2\/users\/1"}],"replies":[{"embeddable":true,"href":"https:\/\/gycouture.com\/blogue\/index.php?rest_route=%2Fwp%2Fv2%2Fcomments&post=2670"}],"version-history":[{"count":0,"href":"https:\/\/gycouture.com\/blogue\/index.php?rest_route=\/wp\/v2\/posts\/2670\/revisions"}],"wp:attachment":[{"href":"https:\/\/gycouture.com\/blogue\/index.php?rest_route=%2Fwp%2Fv2%2Fmedia&parent=2670"}],"wp:term":[{"taxonomy":"category","embeddable":true,"href":"https:\/\/gycouture.com\/blogue\/index.php?rest_route=%2Fwp%2Fv2%2Fcategories&post=2670"},{"taxonomy":"post_tag","embeddable":true,"href":"https:\/\/gycouture.com\/blogue\/index.php?rest_route=%2Fwp%2Fv2%2Ftags&post=2670"}],"curies":[{"name":"wp","href":"https:\/\/api.w.org\/{rel}","templated":true}]}}