{"id":2645,"date":"2009-11-18T07:50:00","date_gmt":"2009-11-18T07:50:00","guid":{"rendered":"https:\/\/gycouture.com\/blogue\/index.php\/2009\/11\/18\/vite-encore-quelques-jours-pour-faire-votre-calendrier-de-lavent\/"},"modified":"2009-11-18T07:50:00","modified_gmt":"2009-11-18T07:50:00","slug":"vite-encore-quelques-jours-pour-faire-votre-calendrier-de-lavent","status":"publish","type":"post","link":"https:\/\/gycouture.com\/blogue\/?p=2645","title":{"rendered":"vite, encore quelques jours pour faire votre calendrier de l&rsquo;avent!"},"content":{"rendered":"<p><a href=\"https:\/\/blogger.googleusercontent.com\/img\/b\/R29vZ2xl\/AVvXsEieYxjXboRzwYjWOHswASVwjsUM0H_C2yeqZ9GkYh7MHTGTKy1xQr5KjKNldZOY56qCEprzIDLDcTmTs67d8ncdytukMDtayLDLnp16pvZgU0AqnZhmEU26EialcGCUt0zarlXq\/s1600\/calendrier.jpg\"><img decoding=\"async\" style=\"display:block; margin:0px auto 10px; text-align:center;cursor:pointer; cursor:hand;width: 398px; height: 398px;\" src=\"https:\/\/blogger.googleusercontent.com\/img\/b\/R29vZ2xl\/AVvXsEieYxjXboRzwYjWOHswASVwjsUM0H_C2yeqZ9GkYh7MHTGTKy1xQr5KjKNldZOY56qCEprzIDLDcTmTs67d8ncdytukMDtayLDLnp16pvZgU0AqnZhmEU26EialcGCUt0zarlXq\/s400\/calendrier.jpg\" border=\"0\" alt=\"\"id=\"BLOGGER_PHOTO_ID_5405520489314774994\" \/><\/a><br \/>\u00e7a revient \u00e0 tous les mois de novembre pour pr\u00e9parer le d\u00e9compte du mois de d\u00e9cembre, et j&rsquo;ai nomm\u00e9, le calendrier de l&rsquo;avent! <\/p>\n<p>il y a quelques semaines, je m&rsquo;\u00e9tais dit que non, cette ann\u00e9e je passais mon tour. et puis je suis all\u00e9e faire du rep\u00e9rage de no\u00ebl avec ma grande ni\u00e8ce bricoleuse. <\/p>\n<p>j&rsquo;ai voulu lui offrir un calendrier, et elle m&rsquo;a r\u00e9pondu qu&rsquo;elle aimerait mieux en avoir un de moi, \u00abfait maison\u00bb. j&rsquo;ai craqu\u00e9, tant qu&rsquo;\u00e0 en faire un, j&rsquo;en ferai deux.<\/p>\n<p>je manque d&rsquo;originalit\u00e9 cette ann\u00e9e, mais au moins j&rsquo;en aurai un sur mon mur avec petites portes \u00e0 ouvrir tous les jours et je ferai sourire (je l&rsquo;esp\u00e8re) ma ni\u00e8ce et son amour tous les jours de d\u00e9cembre.<\/p>\n<p>mais le mien ne battera pas celui de <a href=\"http:\/\/tods2tods.canalblog.com\/archives\/2008\/12\/01\/11587161.html\" target=\"_blank\">mme tods<\/a>. j&rsquo;en avait parl\u00e9 l&rsquo;an pass\u00e9, si vous ne l&rsquo;avez pas vu, allez y voir, une id\u00e9e brillante!<\/p>\n<p>vite vite plus que quelques jours! voici <a href=\"http:\/\/gycouture.blogspot.com\/2007\/11\/heureux-dcompte-du-mois-de-dcembre.html\" target=\"_blank\">mon \u00abmaking of\u00bb de 2007<\/a> si \u00e7a peut vous motiver.<\/p>\n","protected":false},"excerpt":{"rendered":"<p>\u00e7a revient \u00e0 tous les mois de novembre pour pr\u00e9parer le d\u00e9compte du mois de d\u00e9cembre, et j&rsquo;ai nomm\u00e9, le calendrier de l&rsquo;avent! il y a quelques semaines, je m&rsquo;\u00e9tais dit que non, cette ann\u00e9e je passais mon tour. et puis je suis all\u00e9e faire du rep\u00e9rage de no\u00ebl avec ma grande ni\u00e8ce bricoleuse. j&rsquo;ai voulu lui offrir un calendrier, et elle m&rsquo;a r\u00e9pondu qu&rsquo;elle aimerait mieux en avoir un de moi, \u00abfait maison\u00bb. j&rsquo;ai craqu\u00e9, tant qu&rsquo;\u00e0 en faire un, j&rsquo;en ferai deux. je manque d&rsquo;originalit\u00e9 cette ann\u00e9e, mais au moins j&rsquo;en aurai un sur mon mur avec petites portes \u00e0 ouvrir tous les jours et je ferai sourire (je l&rsquo;esp\u00e8re) ma ni\u00e8ce et son amour tous les jours de d\u00e9cembre. mais le mien ne battera pas celui de mme tods. j&rsquo;en avait parl\u00e9 l&rsquo;an pass\u00e9, si vous ne l&rsquo;avez pas vu, allez y voir, une id\u00e9e brillante! vite vite plus que quelques jours! voici mon \u00abmaking of\u00bb de 2007 si \u00e7a peut vous motiver.<\/p>\n","protected":false},"author":1,"featured_media":0,"comment_status":"open","ping_status":"open","sticky":false,"template":"","format":"standard","meta":{"footnotes":""},"categories":[6,3,4],"tags":[],"class_list":["post-2645","post","type-post","status-publish","format-standard","hentry","category-air-du-temps","category-creativite","category-mes-projets"],"acf":[],"_links":{"self":[{"href":"https:\/\/gycouture.com\/blogue\/index.php?rest_route=\/wp\/v2\/posts\/2645","targetHints":{"allow":["GET"]}}],"collection":[{"href":"https:\/\/gycouture.com\/blogue\/index.php?rest_route=\/wp\/v2\/posts"}],"about":[{"href":"https:\/\/gycouture.com\/blogue\/index.php?rest_route=\/wp\/v2\/types\/post"}],"author":[{"embeddable":true,"href":"https:\/\/gycouture.com\/blogue\/index.php?rest_route=\/wp\/v2\/users\/1"}],"replies":[{"embeddable":true,"href":"https:\/\/gycouture.com\/blogue\/index.php?rest_route=%2Fwp%2Fv2%2Fcomments&post=2645"}],"version-history":[{"count":0,"href":"https:\/\/gycouture.com\/blogue\/index.php?rest_route=\/wp\/v2\/posts\/2645\/revisions"}],"wp:attachment":[{"href":"https:\/\/gycouture.com\/blogue\/index.php?rest_route=%2Fwp%2Fv2%2Fmedia&parent=2645"}],"wp:term":[{"taxonomy":"category","embeddable":true,"href":"https:\/\/gycouture.com\/blogue\/index.php?rest_route=%2Fwp%2Fv2%2Fcategories&post=2645"},{"taxonomy":"post_tag","embeddable":true,"href":"https:\/\/gycouture.com\/blogue\/index.php?rest_route=%2Fwp%2Fv2%2Ftags&post=2645"}],"curies":[{"name":"wp","href":"https:\/\/api.w.org\/{rel}","templated":true}]}}