{"id":2633,"date":"2009-12-11T13:24:00","date_gmt":"2009-12-11T13:24:00","guid":{"rendered":"https:\/\/gycouture.com\/blogue\/index.php\/2009\/12\/11\/guerilla-girls-ici\/"},"modified":"2009-12-11T13:24:00","modified_gmt":"2009-12-11T13:24:00","slug":"guerilla-girls-ici","status":"publish","type":"post","link":"https:\/\/gycouture.com\/blogue\/?p=2633","title":{"rendered":"guerilla girls, ici"},"content":{"rendered":"<p><a href=\"https:\/\/blogger.googleusercontent.com\/img\/b\/R29vZ2xl\/AVvXsEjdT18SNaqoySY1hjHI-M3rppB4M9wsFtQyRshPOQxUBpPqLcysuvvHg9EHgmKcEn9kgSbDgchyphenhyphenDc4NnYhrHlnkPQB4HWhzdEYqYE2qbwOpfuuSN6Sgj5nhCjCSkZYz3U8aYMET\/s1600-h\/Guerrilla_Girls.jpg\"><img decoding=\"async\" style=\"display:block; margin:0px auto 10px; text-align:center;cursor:pointer; cursor:hand;width: 398px; height: 310px;\" src=\"https:\/\/blogger.googleusercontent.com\/img\/b\/R29vZ2xl\/AVvXsEjdT18SNaqoySY1hjHI-M3rppB4M9wsFtQyRshPOQxUBpPqLcysuvvHg9EHgmKcEn9kgSbDgchyphenhyphenDc4NnYhrHlnkPQB4HWhzdEYqYE2qbwOpfuuSN6Sgj5nhCjCSkZYz3U8aYMET\/s400\/Guerrilla_Girls.jpg\" border=\"0\" alt=\"\"id=\"BLOGGER_PHOTO_ID_5413785926142943090\" \/><\/a><br \/>nous avons d\u00e9j\u00e0 eu une excellente conf\u00e9rence \u00e0 creacamp sur les \u00abguerilla girls\u00bb par <a href=\"http:\/\/www.cheznadia.com\/\" target=\"_blank\">nadia seraiocco<\/a>. tant mieux si vous y \u00e9tiez, sinon&#8230; dommage pour vous. <\/p>\n<p>si le sujet vous a grandement int\u00e9ress\u00e9 (comme moi), sachez qu&rsquo;il y a une exposition \u00e0 l&rsquo;uqam en ce moment des oeuvres de ce mouvement artistique et f\u00e9ministe. \u00e7a vaut s\u00fbrement le d\u00e9tour. faites vite, \u00e7a se termine le 19 d\u00e9cembre. toute l&rsquo;<a href=\"http:\/\/rcaaq.org\/html\/fr\/actualites\/expositions_details.php?id=10853\" target=\"_blank\">information ici<\/a>.<\/p>\n<p>\u00abLa Galerie de l&rsquo;UQAM pr\u00e9sente une importante exposition des Guerrilla Girls. Pour la premi\u00e8re fois en sol qu\u00e9b\u00e9cois, des oeuvres de ce collectif d&rsquo;artistes f\u00e9ministes et anonymes reconnu sur la sc\u00e8ne artistique internationale seront expos\u00e9es. Le projet est organis\u00e9 dans le cadre des \u00c9v\u00e9nements comm\u00e9moratifs du 20e anniversaire de la tuerie \u00e0 l&rsquo;\u00c9cole Polytechnique.\u00bb<\/p>\n","protected":false},"excerpt":{"rendered":"<p>nous avons d\u00e9j\u00e0 eu une excellente conf\u00e9rence \u00e0 creacamp sur les \u00abguerilla girls\u00bb par nadia seraiocco. tant mieux si vous y \u00e9tiez, sinon&#8230; dommage pour vous. si le sujet vous a grandement int\u00e9ress\u00e9 (comme moi), sachez qu&rsquo;il y a une exposition \u00e0 l&rsquo;uqam en ce moment des oeuvres de ce mouvement artistique et f\u00e9ministe. \u00e7a vaut s\u00fbrement le d\u00e9tour. faites vite, \u00e7a se termine le 19 d\u00e9cembre. toute l&rsquo;information ici. \u00abLa Galerie de l&rsquo;UQAM pr\u00e9sente une importante exposition des Guerrilla Girls. Pour la premi\u00e8re fois en sol qu\u00e9b\u00e9cois, des oeuvres de ce collectif d&rsquo;artistes f\u00e9ministes et anonymes reconnu sur la sc\u00e8ne artistique internationale seront expos\u00e9es. Le projet est organis\u00e9 dans le cadre des \u00c9v\u00e9nements comm\u00e9moratifs du 20e anniversaire de la tuerie \u00e0 l&rsquo;\u00c9cole Polytechnique.\u00bb<\/p>\n","protected":false},"author":1,"featured_media":0,"comment_status":"open","ping_status":"open","sticky":false,"template":"","format":"standard","meta":{"footnotes":""},"categories":[6,5,11],"tags":[],"class_list":["post-2633","post","type-post","status-publish","format-standard","hentry","category-air-du-temps","category-artistique","category-sorties"],"acf":[],"_links":{"self":[{"href":"https:\/\/gycouture.com\/blogue\/index.php?rest_route=\/wp\/v2\/posts\/2633","targetHints":{"allow":["GET"]}}],"collection":[{"href":"https:\/\/gycouture.com\/blogue\/index.php?rest_route=\/wp\/v2\/posts"}],"about":[{"href":"https:\/\/gycouture.com\/blogue\/index.php?rest_route=\/wp\/v2\/types\/post"}],"author":[{"embeddable":true,"href":"https:\/\/gycouture.com\/blogue\/index.php?rest_route=\/wp\/v2\/users\/1"}],"replies":[{"embeddable":true,"href":"https:\/\/gycouture.com\/blogue\/index.php?rest_route=%2Fwp%2Fv2%2Fcomments&post=2633"}],"version-history":[{"count":0,"href":"https:\/\/gycouture.com\/blogue\/index.php?rest_route=\/wp\/v2\/posts\/2633\/revisions"}],"wp:attachment":[{"href":"https:\/\/gycouture.com\/blogue\/index.php?rest_route=%2Fwp%2Fv2%2Fmedia&parent=2633"}],"wp:term":[{"taxonomy":"category","embeddable":true,"href":"https:\/\/gycouture.com\/blogue\/index.php?rest_route=%2Fwp%2Fv2%2Fcategories&post=2633"},{"taxonomy":"post_tag","embeddable":true,"href":"https:\/\/gycouture.com\/blogue\/index.php?rest_route=%2Fwp%2Fv2%2Ftags&post=2633"}],"curies":[{"name":"wp","href":"https:\/\/api.w.org\/{rel}","templated":true}]}}