{"id":2500,"date":"2010-09-09T23:00:00","date_gmt":"2010-09-09T23:00:00","guid":{"rendered":"https:\/\/gycouture.com\/blogue\/index.php\/2010\/09\/09\/une-belle-histoire-de-jardin\/"},"modified":"2010-09-09T23:00:00","modified_gmt":"2010-09-09T23:00:00","slug":"une-belle-histoire-de-jardin","status":"publish","type":"post","link":"https:\/\/gycouture.com\/blogue\/?p=2500","title":{"rendered":"une belle histoire de jardin"},"content":{"rendered":"<p><a href=\"https:\/\/blogger.googleusercontent.com\/img\/b\/R29vZ2xl\/AVvXsEiySEhkkGYDcpK19mSxp1PwX55xAvbKaSyqqk-u6v3eToggtx9QY0IFGkGazMoMNkiYSwBfUMCrBwpxDH9T9Hr8LELKJIsmRcZXeAuB_Y0Q5vggA9zWDjv-V_oQZCqak06zq8S7\/s1600\/reford.jpg\"><img decoding=\"async\" style=\"display:block; margin:0px auto 10px; text-align:center;cursor:pointer; cursor:hand;width: 398px; height: 265px;\" src=\"https:\/\/blogger.googleusercontent.com\/img\/b\/R29vZ2xl\/AVvXsEiySEhkkGYDcpK19mSxp1PwX55xAvbKaSyqqk-u6v3eToggtx9QY0IFGkGazMoMNkiYSwBfUMCrBwpxDH9T9Hr8LELKJIsmRcZXeAuB_Y0Q5vggA9zWDjv-V_oQZCqak06zq8S7\/s400\/reford.jpg\" border=\"0\" alt=\"\"id=\"BLOGGER_PHOTO_ID_5514711923778224850\" \/><\/a>si vous habitez le qu\u00e9bec, vous connaissez probablement <a href=\"http:\/\/www.jardinsdemetis.com\/francais\/index.php\" target=\"_blank\">les jardins de m\u00e9tis<\/a>. ce lieu a une belle histoire et devient, ann\u00e9e apr\u00e8s ann\u00e9e, un endroit d&rsquo;avant-garde pour l&rsquo;architecture du paysage gr\u00e2ce \u00e0 son Festival international de jardins (\u00ab<a href=\"http:\/\/gycouture.blogspot.com\/2010\/08\/le-jardin-de-la-connaissance.html\" target=\"_blank\">le jardin de la connaissance<\/a>\u00bb, c&rsquo;\u00e9tait l\u00e0). <\/p>\n<p>le cin\u00e9aste philippe baylaucq a fait le magnifique film \u00ab<a href=\"http:\/\/www.reframe-films.com\/metisGardens_fr.html\" target=\"_blank\">il \u00e9tait deux fois un jardin<\/a>\u00bb qui raconte ce jardin \u00e0 travers les propos et r\u00e9flexions d&rsquo;alexander reford, l&rsquo;arri\u00e8re-petit-fils de la fondatrice des jardins de m\u00e9tis. il s&rsquo;occupe de ce jardin depuis 1994. la cr\u00e9ation du festival international de jardins a \u00e9t\u00e9 sa fa\u00e7on de faire grandir ce lieu. la photographie du film vaut \u00e0 elle seule le visionnement. nous avons le bonheur d&rsquo;y voir le jardin en hiver en entendant la temp\u00eate siffler. rare.<\/p>\n<p>ce film a \u00e9t\u00e9 pr\u00e9sent\u00e9 au dernier festival des films sur l&rsquo;art de montr\u00e9al et a re\u00e7u le prix du public. pour vous donner une id\u00e9e, voyez le d\u00e9but du film sur le site mentionn\u00e9 plus haut. <\/p>\n<p>j&rsquo;en parle maintenant car si vous \u00eates \u00e0 montr\u00e9al, le film passera au mus\u00e9e des beaux arts le dimanche 26 septembre prochain dans le cadre des journ\u00e9es de la culture. \u00e0 mettre \u00e0 l&rsquo;agenda.<\/p>\n","protected":false},"excerpt":{"rendered":"<p>si vous habitez le qu\u00e9bec, vous connaissez probablement les jardins de m\u00e9tis. ce lieu a une belle histoire et devient, ann\u00e9e apr\u00e8s ann\u00e9e, un endroit d&rsquo;avant-garde pour l&rsquo;architecture du paysage gr\u00e2ce \u00e0 son Festival international de jardins (\u00able jardin de la connaissance\u00bb, c&rsquo;\u00e9tait l\u00e0). le cin\u00e9aste philippe baylaucq a fait le magnifique film \u00abil \u00e9tait deux fois un jardin\u00bb qui raconte ce jardin \u00e0 travers les propos et r\u00e9flexions d&rsquo;alexander reford, l&rsquo;arri\u00e8re-petit-fils de la fondatrice des jardins de m\u00e9tis. il s&rsquo;occupe de ce jardin depuis 1994. la cr\u00e9ation du festival international de jardins a \u00e9t\u00e9 sa fa\u00e7on de faire grandir ce lieu. la photographie du film vaut \u00e0 elle seule le visionnement. nous avons le bonheur d&rsquo;y voir le jardin en hiver en entendant la temp\u00eate siffler. rare. ce film a \u00e9t\u00e9 pr\u00e9sent\u00e9 au dernier festival des films sur l&rsquo;art de montr\u00e9al et a re\u00e7u le prix du public. pour vous donner une id\u00e9e, voyez le d\u00e9but du film sur le site mentionn\u00e9 plus haut. j&rsquo;en parle maintenant car si vous \u00eates \u00e0 montr\u00e9al, le film passera au mus\u00e9e des beaux arts le dimanche 26 septembre prochain dans le cadre des journ\u00e9es de la culture. \u00e0 mettre \u00e0 l&rsquo;agenda.<\/p>\n","protected":false},"author":1,"featured_media":0,"comment_status":"open","ping_status":"open","sticky":false,"template":"","format":"standard","meta":{"footnotes":""},"categories":[6,5,11],"tags":[],"class_list":["post-2500","post","type-post","status-publish","format-standard","hentry","category-air-du-temps","category-artistique","category-sorties"],"acf":[],"_links":{"self":[{"href":"https:\/\/gycouture.com\/blogue\/index.php?rest_route=\/wp\/v2\/posts\/2500","targetHints":{"allow":["GET"]}}],"collection":[{"href":"https:\/\/gycouture.com\/blogue\/index.php?rest_route=\/wp\/v2\/posts"}],"about":[{"href":"https:\/\/gycouture.com\/blogue\/index.php?rest_route=\/wp\/v2\/types\/post"}],"author":[{"embeddable":true,"href":"https:\/\/gycouture.com\/blogue\/index.php?rest_route=\/wp\/v2\/users\/1"}],"replies":[{"embeddable":true,"href":"https:\/\/gycouture.com\/blogue\/index.php?rest_route=%2Fwp%2Fv2%2Fcomments&post=2500"}],"version-history":[{"count":0,"href":"https:\/\/gycouture.com\/blogue\/index.php?rest_route=\/wp\/v2\/posts\/2500\/revisions"}],"wp:attachment":[{"href":"https:\/\/gycouture.com\/blogue\/index.php?rest_route=%2Fwp%2Fv2%2Fmedia&parent=2500"}],"wp:term":[{"taxonomy":"category","embeddable":true,"href":"https:\/\/gycouture.com\/blogue\/index.php?rest_route=%2Fwp%2Fv2%2Fcategories&post=2500"},{"taxonomy":"post_tag","embeddable":true,"href":"https:\/\/gycouture.com\/blogue\/index.php?rest_route=%2Fwp%2Fv2%2Ftags&post=2500"}],"curies":[{"name":"wp","href":"https:\/\/api.w.org\/{rel}","templated":true}]}}