{"id":2461,"date":"2010-11-22T13:30:00","date_gmt":"2010-11-22T13:30:00","guid":{"rendered":"https:\/\/gycouture.com\/blogue\/index.php\/2010\/11\/22\/ecrire-le-quotidien-autrement\/"},"modified":"2010-11-22T13:30:00","modified_gmt":"2010-11-22T13:30:00","slug":"ecrire-le-quotidien-autrement","status":"publish","type":"post","link":"https:\/\/gycouture.com\/blogue\/?p=2461","title":{"rendered":"\u00e9crire le quotidien autrement"},"content":{"rendered":"<p><a href=\"https:\/\/blogger.googleusercontent.com\/img\/b\/R29vZ2xl\/AVvXsEivkZzuV1aYP_jF06AzRt9G6KosmV5Ki1yt3n2yuIpTAiKT2TJyxOcaHdE_tYOH8K0ug6P54Jtm8FX1UGL0DQQgarpEbWBQWilqGZLKmnlXL3HDpkPuy8wQiy9cEw6yzbHQgllQ\/s1600\/le-devoir-des-ecrivains.jpg\"><img decoding=\"async\" style=\"display:block; margin:0px auto 10px; text-align:center;cursor:pointer; cursor:hand;width: 398px; height: 265px;\" src=\"https:\/\/blogger.googleusercontent.com\/img\/b\/R29vZ2xl\/AVvXsEivkZzuV1aYP_jF06AzRt9G6KosmV5Ki1yt3n2yuIpTAiKT2TJyxOcaHdE_tYOH8K0ug6P54Jtm8FX1UGL0DQQgarpEbWBQWilqGZLKmnlXL3HDpkPuy8wQiy9cEw6yzbHQgllQ\/s400\/le-devoir-des-ecrivains.jpg\" border=\"0\" alt=\"\"id=\"BLOGGER_PHOTO_ID_5542366890836232018\" \/><\/a>on le sait, nous sommes en pleine mutation du document imprim\u00e9, ce qui oblige les journaux et autres p\u00e9riodiques \u00e0 se r\u00e9inventer. <\/p>\n<p>le journal le devoir, dans la vague du salon du livre, a donc d\u00e9cid\u00e9 mercredi dernier de jumeler un \u00e9crivain \u00e0 un journaliste. tout le monde en a parl\u00e9. <\/p>\n<p>je le mentionne ici car samedi dernier, le journal a fait un retour sur cette exp\u00e9rience. <a href=\"http:\/\/www.ledevoir.com\/culture\/livres\/311418\/le-devoir-des-ecrivains-12-heures-dans-les-souliers-d-un-journaliste\" target=\"_blank\">un article fort int\u00e9ressant<\/a> sur les dessous de l&rsquo;aventure, les commentaires des \u00e9crivains, des journalistes, le succ\u00e8s retentissant de cette \u00e9dition, etc.<br \/>comme je pr\u00e9f\u00e8re le processus au r\u00e9sultat, cet article me raconte ce que je voulais savoir. les \u00e9crivains ont d\u00fb d\u00e9finitivement sortir de leur zone de confort, ce qui n&rsquo;est pas \u00e9vident.<\/p>\n<p>lire ici le <a href=\"http:\/\/www.ledevoir.com\/societe\/medias\/311087\/le-devoir-des-ecrivains-sur-le-web-deuxieme-partie\" target=\"_blank\">d\u00e9roulement de la journ\u00e9e<\/a><\/p>\n<p>version pdf de cette \u00e9dition est disponible sur le site et <a href=\"http:\/\/www.ledevoir.com\/galeries-photos\/le-devoir-des-ecrivains\/69175\" target=\"_blank\">quelques photos<\/a> ici.<\/p>\n","protected":false},"excerpt":{"rendered":"<p>on le sait, nous sommes en pleine mutation du document imprim\u00e9, ce qui oblige les journaux et autres p\u00e9riodiques \u00e0 se r\u00e9inventer. le journal le devoir, dans la vague du salon du livre, a donc d\u00e9cid\u00e9 mercredi dernier de jumeler un \u00e9crivain \u00e0 un journaliste. tout le monde en a parl\u00e9. je le mentionne ici car samedi dernier, le journal a fait un retour sur cette exp\u00e9rience. un article fort int\u00e9ressant sur les dessous de l&rsquo;aventure, les commentaires des \u00e9crivains, des journalistes, le succ\u00e8s retentissant de cette \u00e9dition, etc.comme je pr\u00e9f\u00e8re le processus au r\u00e9sultat, cet article me raconte ce que je voulais savoir. les \u00e9crivains ont d\u00fb d\u00e9finitivement sortir de leur zone de confort, ce qui n&rsquo;est pas \u00e9vident. lire ici le d\u00e9roulement de la journ\u00e9e version pdf de cette \u00e9dition est disponible sur le site et quelques photos ici.<\/p>\n","protected":false},"author":1,"featured_media":0,"comment_status":"open","ping_status":"open","sticky":false,"template":"","format":"standard","meta":{"footnotes":""},"categories":[6,3],"tags":[],"class_list":["post-2461","post","type-post","status-publish","format-standard","hentry","category-air-du-temps","category-creativite"],"acf":[],"_links":{"self":[{"href":"https:\/\/gycouture.com\/blogue\/index.php?rest_route=\/wp\/v2\/posts\/2461","targetHints":{"allow":["GET"]}}],"collection":[{"href":"https:\/\/gycouture.com\/blogue\/index.php?rest_route=\/wp\/v2\/posts"}],"about":[{"href":"https:\/\/gycouture.com\/blogue\/index.php?rest_route=\/wp\/v2\/types\/post"}],"author":[{"embeddable":true,"href":"https:\/\/gycouture.com\/blogue\/index.php?rest_route=\/wp\/v2\/users\/1"}],"replies":[{"embeddable":true,"href":"https:\/\/gycouture.com\/blogue\/index.php?rest_route=%2Fwp%2Fv2%2Fcomments&post=2461"}],"version-history":[{"count":0,"href":"https:\/\/gycouture.com\/blogue\/index.php?rest_route=\/wp\/v2\/posts\/2461\/revisions"}],"wp:attachment":[{"href":"https:\/\/gycouture.com\/blogue\/index.php?rest_route=%2Fwp%2Fv2%2Fmedia&parent=2461"}],"wp:term":[{"taxonomy":"category","embeddable":true,"href":"https:\/\/gycouture.com\/blogue\/index.php?rest_route=%2Fwp%2Fv2%2Fcategories&post=2461"},{"taxonomy":"post_tag","embeddable":true,"href":"https:\/\/gycouture.com\/blogue\/index.php?rest_route=%2Fwp%2Fv2%2Ftags&post=2461"}],"curies":[{"name":"wp","href":"https:\/\/api.w.org\/{rel}","templated":true}]}}