{"id":2453,"date":"2010-12-07T10:50:00","date_gmt":"2010-12-07T10:50:00","guid":{"rendered":"https:\/\/gycouture.com\/blogue\/index.php\/2010\/12\/07\/exposition-benefice-pret-a-emporter\/"},"modified":"2010-12-07T10:50:00","modified_gmt":"2010-12-07T10:50:00","slug":"exposition-benefice-pret-a-emporter","status":"publish","type":"post","link":"https:\/\/gycouture.com\/blogue\/?p=2453","title":{"rendered":"exposition b\u00e9n\u00e9fice \u00abpr\u00eat \u00e0 emporter\u00bb"},"content":{"rendered":"<p><a href=\"https:\/\/blogger.googleusercontent.com\/img\/b\/R29vZ2xl\/AVvXsEisFuIvMM-UBg0A2sW-cSN7UldXJ41Xf_c-U658lypayLDtQAXjfO44WxZXEjgH_zDsa0ITwYtumXDAf51a-f0ryU-kKKSS2XBtWrw6zvTq2d_9NkQKyDNidG0-Bz8oK0TQ0F9V\/s1600\/livre_.jpg\"><img decoding=\"async\" style=\"display:block; margin:0px auto 10px; text-align:center;cursor:pointer; cursor:hand;width: 398px; height: 275px;\" src=\"https:\/\/blogger.googleusercontent.com\/img\/b\/R29vZ2xl\/AVvXsEisFuIvMM-UBg0A2sW-cSN7UldXJ41Xf_c-U658lypayLDtQAXjfO44WxZXEjgH_zDsa0ITwYtumXDAf51a-f0ryU-kKKSS2XBtWrw6zvTq2d_9NkQKyDNidG0-Bz8oK0TQ0F9V\/s400\/livre_.jpg\" border=\"0\" alt=\"\"id=\"BLOGGER_PHOTO_ID_5546930055697908338\" \/><\/a><br \/>je participe, encore cette ann\u00e9e, \u00e0 l&rsquo;exposition-b\u00e9n\u00e9fice \u00abpr\u00eat \u00e0 emporter\u00bb de l&rsquo;atelier circulaire. j&rsquo;y expose deux exemplaires de mon livre <a href=\"http:\/\/gycouture.blogspot.com\/2010\/10\/choosing-mots-mon-dernier-livre.html\" target=\"_blank\">\u00abchoosing\u00bb mots<\/a>. <\/p>\n<p>voici le texte du communiqu\u00e9: \u00ab Plus de 300 \u0153uvres d\u2019artistes professionnels seront en vente et pr\u00eates \u00e0 emporter pour 100$ ou moins. La vente se poursuivra jusqu&rsquo;au 18 d\u00e9cembre, du mercredi au samedi, de 12h \u00e0 17h\u00bb<\/p>\n<p>Plus de d\u00e9tails sur le site de <a href=\"http:\/\/www.atelier-circulaire.qc.ca\/gal_exposition_fr.html\" target=\"_blank\">circulaire<\/a><\/p>\n","protected":false},"excerpt":{"rendered":"<p>je participe, encore cette ann\u00e9e, \u00e0 l&rsquo;exposition-b\u00e9n\u00e9fice \u00abpr\u00eat \u00e0 emporter\u00bb de l&rsquo;atelier circulaire. j&rsquo;y expose deux exemplaires de mon livre \u00abchoosing\u00bb mots. voici le texte du communiqu\u00e9: \u00ab Plus de 300 \u0153uvres d\u2019artistes professionnels seront en vente et pr\u00eates \u00e0 emporter pour 100$ ou moins. La vente se poursuivra jusqu&rsquo;au 18 d\u00e9cembre, du mercredi au samedi, de 12h \u00e0 17h\u00bb Plus de d\u00e9tails sur le site de circulaire<\/p>\n","protected":false},"author":1,"featured_media":0,"comment_status":"open","ping_status":"open","sticky":false,"template":"","format":"standard","meta":{"footnotes":""},"categories":[6,4],"tags":[],"class_list":["post-2453","post","type-post","status-publish","format-standard","hentry","category-air-du-temps","category-mes-projets"],"acf":[],"_links":{"self":[{"href":"https:\/\/gycouture.com\/blogue\/index.php?rest_route=\/wp\/v2\/posts\/2453","targetHints":{"allow":["GET"]}}],"collection":[{"href":"https:\/\/gycouture.com\/blogue\/index.php?rest_route=\/wp\/v2\/posts"}],"about":[{"href":"https:\/\/gycouture.com\/blogue\/index.php?rest_route=\/wp\/v2\/types\/post"}],"author":[{"embeddable":true,"href":"https:\/\/gycouture.com\/blogue\/index.php?rest_route=\/wp\/v2\/users\/1"}],"replies":[{"embeddable":true,"href":"https:\/\/gycouture.com\/blogue\/index.php?rest_route=%2Fwp%2Fv2%2Fcomments&post=2453"}],"version-history":[{"count":0,"href":"https:\/\/gycouture.com\/blogue\/index.php?rest_route=\/wp\/v2\/posts\/2453\/revisions"}],"wp:attachment":[{"href":"https:\/\/gycouture.com\/blogue\/index.php?rest_route=%2Fwp%2Fv2%2Fmedia&parent=2453"}],"wp:term":[{"taxonomy":"category","embeddable":true,"href":"https:\/\/gycouture.com\/blogue\/index.php?rest_route=%2Fwp%2Fv2%2Fcategories&post=2453"},{"taxonomy":"post_tag","embeddable":true,"href":"https:\/\/gycouture.com\/blogue\/index.php?rest_route=%2Fwp%2Fv2%2Ftags&post=2453"}],"curies":[{"name":"wp","href":"https:\/\/api.w.org\/{rel}","templated":true}]}}