{"id":2364,"date":"2011-05-26T18:30:00","date_gmt":"2011-05-26T18:30:00","guid":{"rendered":"https:\/\/gycouture.com\/blogue\/index.php\/2011\/05\/26\/une-tour-de-babel-en-livre\/"},"modified":"2011-05-26T18:30:00","modified_gmt":"2011-05-26T18:30:00","slug":"une-tour-de-babel-en-livre","status":"publish","type":"post","link":"https:\/\/gycouture.com\/blogue\/?p=2364","title":{"rendered":"une tour de babel en livre"},"content":{"rendered":"<p><a href=\"https:\/\/blogger.googleusercontent.com\/img\/b\/R29vZ2xl\/AVvXsEjJ7pM3bagQ05A98DKtyT6FAd3ILbfv3dttt_QLzB0FGirgjX2SvUsJmCfe0rQuOXuD7bcpsCbCUM5ssh8ZCu6jzaaGz_hHmrlKY_wMUFO7JTgQ6oARhG06AcFFPnaDZfoYA7Fy\/s1600\/babel-1-600x411.jpg\"><img decoding=\"async\" style=\"display:block; margin:0px auto 10px; text-align:center;cursor:pointer; cursor:hand;width: 400px; height: 400px;\" src=\"https:\/\/blogger.googleusercontent.com\/img\/b\/R29vZ2xl\/AVvXsEjJ7pM3bagQ05A98DKtyT6FAd3ILbfv3dttt_QLzB0FGirgjX2SvUsJmCfe0rQuOXuD7bcpsCbCUM5ssh8ZCu6jzaaGz_hHmrlKY_wMUFO7JTgQ6oARhG06AcFFPnaDZfoYA7Fy\/s400\/babel-1-600x411.jpg\" border=\"0\" alt=\"\"id=\"BLOGGER_PHOTO_ID_5611094691799741874\" \/><\/a><br \/>la tour de Babel de livres \u00e0 buenos aires est une installation \u00e9ph\u00e9m\u00e8re qui sera d\u00e9faite le 28 mai prochain. projet de marta minujin, cette tour \u00e9rig\u00e9e est faite de 30 000 livres pour marquer la nomination de buenos aires comme \u00abcapital du livre 2011 de l&rsquo;unesco\u00bb.<\/p>\n<p>on voit diverses photos un peu partout. en voici quelques-unes <a href=\"http:\/\/translate.googleusercontent.com\/translate_c?ie=UTF8&amp;rurl=translate.google.com&amp;sl=de&amp;tl=en&amp;twu=1&amp;u=http:\/\/www.spiegel.de\/fotostrecke\/fotostrecke-68510.html&amp;usg=ALkJrhi3pHCnFoRHZuKR3U-YB2epj09dZA\" target=\"_blank\">ici<\/a>, d&rsquo;autres <a href=\"http:\/\/thisiscolossal.com\/2011\/05\/tower-of-babel-built-with-30000-books\/\" target=\"_blank\">ici<\/a> et encore <a href=\"http:\/\/www.flickr.com\/photos\/drapho\/sets\/72157626659747020\/with\/5752817240\/\" target=\"_blank\">ici<\/a>.<\/p>\n<p>int\u00e9ressante installation urbaine!<\/p>\n","protected":false},"excerpt":{"rendered":"<p>la tour de Babel de livres \u00e0 buenos aires est une installation \u00e9ph\u00e9m\u00e8re qui sera d\u00e9faite le 28 mai prochain. projet de marta minujin, cette tour \u00e9rig\u00e9e est faite de 30 000 livres pour marquer la nomination de buenos aires comme \u00abcapital du livre 2011 de l&rsquo;unesco\u00bb. on voit diverses photos un peu partout. en voici quelques-unes ici, d&rsquo;autres ici et encore ici. int\u00e9ressante installation urbaine!<\/p>\n","protected":false},"author":1,"featured_media":0,"comment_status":"open","ping_status":"open","sticky":false,"template":"","format":"standard","meta":{"footnotes":""},"categories":[6,7],"tags":[],"class_list":["post-2364","post","type-post","status-publish","format-standard","hentry","category-air-du-temps","category-livres"],"acf":[],"_links":{"self":[{"href":"https:\/\/gycouture.com\/blogue\/index.php?rest_route=\/wp\/v2\/posts\/2364","targetHints":{"allow":["GET"]}}],"collection":[{"href":"https:\/\/gycouture.com\/blogue\/index.php?rest_route=\/wp\/v2\/posts"}],"about":[{"href":"https:\/\/gycouture.com\/blogue\/index.php?rest_route=\/wp\/v2\/types\/post"}],"author":[{"embeddable":true,"href":"https:\/\/gycouture.com\/blogue\/index.php?rest_route=\/wp\/v2\/users\/1"}],"replies":[{"embeddable":true,"href":"https:\/\/gycouture.com\/blogue\/index.php?rest_route=%2Fwp%2Fv2%2Fcomments&post=2364"}],"version-history":[{"count":0,"href":"https:\/\/gycouture.com\/blogue\/index.php?rest_route=\/wp\/v2\/posts\/2364\/revisions"}],"wp:attachment":[{"href":"https:\/\/gycouture.com\/blogue\/index.php?rest_route=%2Fwp%2Fv2%2Fmedia&parent=2364"}],"wp:term":[{"taxonomy":"category","embeddable":true,"href":"https:\/\/gycouture.com\/blogue\/index.php?rest_route=%2Fwp%2Fv2%2Fcategories&post=2364"},{"taxonomy":"post_tag","embeddable":true,"href":"https:\/\/gycouture.com\/blogue\/index.php?rest_route=%2Fwp%2Fv2%2Ftags&post=2364"}],"curies":[{"name":"wp","href":"https:\/\/api.w.org\/{rel}","templated":true}]}}